{"id":10708,"date":"2026-03-12T15:04:10","date_gmt":"2026-03-12T14:04:10","guid":{"rendered":"https:\/\/festival-armoricourt.com\/?p=10708"},"modified":"2026-03-12T15:04:11","modified_gmt":"2026-03-12T14:04:11","slug":"la-fete-du-court-metrage-2026","status":"publish","type":"post","link":"https:\/\/festival-armoricourt.com\/index.php\/2026\/03\/12\/la-fete-du-court-metrage-2026\/","title":{"rendered":"La F\u00eate du court-m\u00e9trage 2026"},"content":{"rendered":"\n<p><strong>Armoricourt<\/strong>&nbsp;et&nbsp;<strong>Le Douron<\/strong>&nbsp;vous proposent 10 courts m\u00e9trages sur 2 s\u00e9ances. 10 bonnes raisons pour participer, en ce mois de mars 2026, \u00e0 la&nbsp;<strong>F\u00eate du Court M\u00e9trage<\/strong>&nbsp;au Cin\u00e9ma Le Douron \u00e0 Plestin-les-Gr\u00e8ves<\/p>\n\n\n\n<ul class=\"wp-block-list\">\n<li>Premi\u00e8re s\u00e9ance&nbsp;<strong>mercredi 25 mars<\/strong>&nbsp;\u00e0 20:30 \u2013 salle 2 :&nbsp;<strong>\u00ab&nbsp;Fais-moi rire&nbsp;\u00bb<\/strong>&nbsp;\u2013 Entr\u00e9e 5 \u20ac\n<ul class=\"wp-block-list\">\n<li>Six courts-m\u00e9trages avec pour fil directeur : les blagues les plus courtes sont les meilleures, la preuve en 6 courts m\u00e9trages<\/li>\n<\/ul>\n<\/li>\n\n\n\n<li>Deuxi\u00e8me s\u00e9ance&nbsp;<strong>vendredi 27 mars<\/strong>&nbsp;\u00e0 20:30 \u2013 salle 2 :&nbsp;<strong>\u00ab&nbsp;Viens voir les com\u00e9diens&nbsp;\u00bb<\/strong>&nbsp;\u2013 Entr\u00e9e 5 \u20ac\n<ul class=\"wp-block-list\">\n<li>Philippe Rebbot, Finnegan Oldfield, Rapha\u00ebl Quenard, Anne Alvaro, Stefan Crepon, Benjamin Voisin sont r\u00e9unis pour mettre \u00e0 l&rsquo;honneur le format court sur grand \u00e9cran<\/li>\n<\/ul>\n<\/li>\n<\/ul>\n\n\n\n<figure class=\"wp-block-image size-full\"><img fetchpriority=\"high\" decoding=\"async\" width=\"610\" height=\"483\" src=\"https:\/\/festival-armoricourt.com\/wp-content\/uploads\/2026\/03\/Fais-moi-rire-1-1.png\" alt=\"\" class=\"wp-image-10723\" srcset=\"https:\/\/festival-armoricourt.com\/wp-content\/uploads\/2026\/03\/Fais-moi-rire-1-1.png 610w, https:\/\/festival-armoricourt.com\/wp-content\/uploads\/2026\/03\/Fais-moi-rire-1-1-300x238.png 300w\" sizes=\"(max-width: 610px) 100vw, 610px\" \/><\/figure>\n\n\n\n<figure class=\"wp-block-image size-full\"><img decoding=\"async\" width=\"739\" height=\"540\" src=\"https:\/\/festival-armoricourt.com\/wp-content\/uploads\/2026\/03\/Fais-moi-rire-2.png\" alt=\"\" class=\"wp-image-10713\" srcset=\"https:\/\/festival-armoricourt.com\/wp-content\/uploads\/2026\/03\/Fais-moi-rire-2.png 739w, https:\/\/festival-armoricourt.com\/wp-content\/uploads\/2026\/03\/Fais-moi-rire-2-300x219.png 300w\" sizes=\"(max-width: 739px) 100vw, 739px\" \/><\/figure>\n\n\n\n<figure class=\"wp-block-image size-full\"><img decoding=\"async\" width=\"701\" height=\"548\" src=\"https:\/\/festival-armoricourt.com\/wp-content\/uploads\/2026\/03\/Viens-voir-les-comediens-1-1.png\" alt=\"\" class=\"wp-image-10721\" srcset=\"https:\/\/festival-armoricourt.com\/wp-content\/uploads\/2026\/03\/Viens-voir-les-comediens-1-1.png 701w, https:\/\/festival-armoricourt.com\/wp-content\/uploads\/2026\/03\/Viens-voir-les-comediens-1-1-300x235.png 300w\" sizes=\"(max-width: 701px) 100vw, 701px\" \/><\/figure>\n","protected":false},"excerpt":{"rendered":"<p>Armoricourt&nbsp;et&nbsp;Le Douron&nbsp;vous proposent 10 courts m\u00e9trages sur 2 s\u00e9ances. 10 bonnes raisons pour participer, en ce mois de mars 2026, \u00e0 la&nbsp;F\u00eate du Court M\u00e9trage&nbsp;au Cin\u00e9ma Le Douron \u00e0 Plestin-les-Gr\u00e8ves<\/p>\n","protected":false},"author":1,"featured_media":10710,"comment_status":"open","ping_status":"open","sticky":false,"template":"","format":"standard","meta":{"ocean_post_layout":"","ocean_both_sidebars_style":"","ocean_both_sidebars_content_width":0,"ocean_both_sidebars_sidebars_width":0,"ocean_sidebar":"","ocean_second_sidebar":"","ocean_disable_margins":"enable","ocean_add_body_class":"","ocean_shortcode_before_top_bar":"","ocean_shortcode_after_top_bar":"","ocean_shortcode_before_header":"","ocean_shortcode_after_header":"","ocean_has_shortcode":"","ocean_shortcode_after_title":"","ocean_shortcode_before_footer_widgets":"","ocean_shortcode_after_footer_widgets":"","ocean_shortcode_before_footer_bottom":"","ocean_shortcode_after_footer_bottom":"","ocean_display_top_bar":"default","ocean_display_header":"default","ocean_header_style":"","ocean_center_header_left_menu":"","ocean_custom_header_template":"","ocean_custom_logo":0,"ocean_custom_retina_logo":0,"ocean_custom_logo_max_width":0,"ocean_custom_logo_tablet_max_width":0,"ocean_custom_logo_mobile_max_width":0,"ocean_custom_logo_max_height":0,"ocean_custom_logo_tablet_max_height":0,"ocean_custom_logo_mobile_max_height":0,"ocean_header_custom_menu":"","ocean_menu_typo_font_family":"","ocean_menu_typo_font_subset":"","ocean_menu_typo_font_size":0,"ocean_menu_typo_font_size_tablet":0,"ocean_menu_typo_font_size_mobile":0,"ocean_menu_typo_font_size_unit":"px","ocean_menu_typo_font_weight":"","ocean_menu_typo_font_weight_tablet":"","ocean_menu_typo_font_weight_mobile":"","ocean_menu_typo_transform":"","ocean_menu_typo_transform_tablet":"","ocean_menu_typo_transform_mobile":"","ocean_menu_typo_line_height":0,"ocean_menu_typo_line_height_tablet":0,"ocean_menu_typo_line_height_mobile":0,"ocean_menu_typo_line_height_unit":"","ocean_menu_typo_spacing":0,"ocean_menu_typo_spacing_tablet":0,"ocean_menu_typo_spacing_mobile":0,"ocean_menu_typo_spacing_unit":"","ocean_menu_link_color":"","ocean_menu_link_color_hover":"","ocean_menu_link_color_active":"","ocean_menu_link_background":"","ocean_menu_link_hover_background":"","ocean_menu_link_active_background":"","ocean_menu_social_links_bg":"","ocean_menu_social_hover_links_bg":"","ocean_menu_social_links_color":"","ocean_menu_social_hover_links_color":"","ocean_disable_title":"default","ocean_disable_heading":"default","ocean_post_title":"","ocean_post_subheading":"","ocean_post_title_style":"","ocean_post_title_background_color":"","ocean_post_title_background":0,"ocean_post_title_bg_image_position":"","ocean_post_title_bg_image_attachment":"","ocean_post_title_bg_image_repeat":"","ocean_post_title_bg_image_size":"","ocean_post_title_height":0,"ocean_post_title_bg_overlay":0.5,"ocean_post_title_bg_overlay_color":"","ocean_disable_breadcrumbs":"default","ocean_breadcrumbs_color":"","ocean_breadcrumbs_separator_color":"","ocean_breadcrumbs_links_color":"","ocean_breadcrumbs_links_hover_color":"","ocean_display_footer_widgets":"default","ocean_display_footer_bottom":"default","ocean_custom_footer_template":"","ocean_post_oembed":"","ocean_post_self_hosted_media":"","ocean_post_video_embed":"","ocean_link_format":"","ocean_link_format_target":"self","ocean_quote_format":"","ocean_quote_format_link":"post","ocean_gallery_link_images":"on","ocean_gallery_id":[],"footnotes":""},"categories":[3],"tags":[],"class_list":["post-10708","post","type-post","status-publish","format-standard","has-post-thumbnail","hentry","category-les-news","entry","has-media"],"yoast_head":"<!-- This site is optimized with the Yoast SEO plugin v27.0 - https:\/\/yoast.com\/product\/yoast-seo-wordpress\/ -->\n<title>La F\u00eate du court-m\u00e9trage 2026 - Festival Armoricourt<\/title>\n<meta name=\"robots\" content=\"index, follow, max-snippet:-1, max-image-preview:large, max-video-preview:-1\" \/>\n<link rel=\"canonical\" href=\"https:\/\/festival-armoricourt.com\/index.php\/2026\/03\/12\/la-fete-du-court-metrage-2026\/\" \/>\n<meta property=\"og:locale\" content=\"fr_FR\" \/>\n<meta property=\"og:type\" content=\"article\" \/>\n<meta property=\"og:title\" content=\"La F\u00eate du court-m\u00e9trage 2026 - Festival Armoricourt\" \/>\n<meta property=\"og:description\" content=\"Armoricourt&nbsp;et&nbsp;Le Douron&nbsp;vous proposent 10 courts m\u00e9trages sur 2 s\u00e9ances. 10 bonnes raisons pour participer, en ce mois de mars 2026, \u00e0 la&nbsp;F\u00eate du Court M\u00e9trage&nbsp;au Cin\u00e9ma Le Douron \u00e0 Plestin-les-Gr\u00e8ves\" \/>\n<meta property=\"og:url\" content=\"https:\/\/festival-armoricourt.com\/index.php\/2026\/03\/12\/la-fete-du-court-metrage-2026\/\" \/>\n<meta property=\"og:site_name\" content=\"Festival Armoricourt\" \/>\n<meta property=\"article:publisher\" content=\"https:\/\/www.facebook.com\/armoricourt\" \/>\n<meta property=\"article:published_time\" content=\"2026-03-12T14:04:10+00:00\" \/>\n<meta property=\"article:modified_time\" content=\"2026-03-12T14:04:11+00:00\" \/>\n<meta property=\"og:image\" content=\"https:\/\/festival-armoricourt.com\/wp-content\/uploads\/2026\/03\/2026_Armoricourt_LFdCM.jpg\" \/>\n\t<meta property=\"og:image:width\" content=\"833\" \/>\n\t<meta property=\"og:image:height\" content=\"1125\" \/>\n\t<meta property=\"og:image:type\" content=\"image\/jpeg\" \/>\n<meta name=\"author\" content=\"admin1692\" \/>\n<meta name=\"twitter:card\" content=\"summary_large_image\" \/>\n<meta name=\"twitter:label1\" content=\"\u00c9crit par\" \/>\n\t<meta name=\"twitter:data1\" content=\"admin1692\" \/>\n\t<meta name=\"twitter:label2\" content=\"Dur\u00e9e de lecture estim\u00e9e\" \/>\n\t<meta name=\"twitter:data2\" content=\"2 minutes\" \/>\n<script type=\"application\/ld+json\" class=\"yoast-schema-graph\">{\"@context\":\"https:\/\/schema.org\",\"@graph\":[{\"@type\":\"Article\",\"@id\":\"https:\/\/festival-armoricourt.com\/index.php\/2026\/03\/12\/la-fete-du-court-metrage-2026\/#article\",\"isPartOf\":{\"@id\":\"https:\/\/festival-armoricourt.com\/index.php\/2026\/03\/12\/la-fete-du-court-metrage-2026\/\"},\"author\":{\"name\":\"admin1692\",\"@id\":\"https:\/\/festival-armoricourt.com\/#\/schema\/person\/ef437883dc48ec87242017d0cf8bf76b\"},\"headline\":\"La F\u00eate du court-m\u00e9trage 2026\",\"datePublished\":\"2026-03-12T14:04:10+00:00\",\"dateModified\":\"2026-03-12T14:04:11+00:00\",\"mainEntityOfPage\":{\"@id\":\"https:\/\/festival-armoricourt.com\/index.php\/2026\/03\/12\/la-fete-du-court-metrage-2026\/\"},\"wordCount\":130,\"commentCount\":0,\"publisher\":{\"@id\":\"https:\/\/festival-armoricourt.com\/#organization\"},\"image\":{\"@id\":\"https:\/\/festival-armoricourt.com\/index.php\/2026\/03\/12\/la-fete-du-court-metrage-2026\/#primaryimage\"},\"thumbnailUrl\":\"https:\/\/festival-armoricourt.com\/wp-content\/uploads\/2026\/03\/2026_Armoricourt_LFdCM.jpg\",\"articleSection\":[\"Les news\"],\"inLanguage\":\"fr-FR\",\"potentialAction\":[{\"@type\":\"CommentAction\",\"name\":\"Comment\",\"target\":[\"https:\/\/festival-armoricourt.com\/index.php\/2026\/03\/12\/la-fete-du-court-metrage-2026\/#respond\"]}]},{\"@type\":\"WebPage\",\"@id\":\"https:\/\/festival-armoricourt.com\/index.php\/2026\/03\/12\/la-fete-du-court-metrage-2026\/\",\"url\":\"https:\/\/festival-armoricourt.com\/index.php\/2026\/03\/12\/la-fete-du-court-metrage-2026\/\",\"name\":\"La F\u00eate du court-m\u00e9trage 2026 - Festival Armoricourt\",\"isPartOf\":{\"@id\":\"https:\/\/festival-armoricourt.com\/#website\"},\"primaryImageOfPage\":{\"@id\":\"https:\/\/festival-armoricourt.com\/index.php\/2026\/03\/12\/la-fete-du-court-metrage-2026\/#primaryimage\"},\"image\":{\"@id\":\"https:\/\/festival-armoricourt.com\/index.php\/2026\/03\/12\/la-fete-du-court-metrage-2026\/#primaryimage\"},\"thumbnailUrl\":\"https:\/\/festival-armoricourt.com\/wp-content\/uploads\/2026\/03\/2026_Armoricourt_LFdCM.jpg\",\"datePublished\":\"2026-03-12T14:04:10+00:00\",\"dateModified\":\"2026-03-12T14:04:11+00:00\",\"breadcrumb\":{\"@id\":\"https:\/\/festival-armoricourt.com\/index.php\/2026\/03\/12\/la-fete-du-court-metrage-2026\/#breadcrumb\"},\"inLanguage\":\"fr-FR\",\"potentialAction\":[{\"@type\":\"ReadAction\",\"target\":[\"https:\/\/festival-armoricourt.com\/index.php\/2026\/03\/12\/la-fete-du-court-metrage-2026\/\"]}]},{\"@type\":\"ImageObject\",\"inLanguage\":\"fr-FR\",\"@id\":\"https:\/\/festival-armoricourt.com\/index.php\/2026\/03\/12\/la-fete-du-court-metrage-2026\/#primaryimage\",\"url\":\"https:\/\/festival-armoricourt.com\/wp-content\/uploads\/2026\/03\/2026_Armoricourt_LFdCM.jpg\",\"contentUrl\":\"https:\/\/festival-armoricourt.com\/wp-content\/uploads\/2026\/03\/2026_Armoricourt_LFdCM.jpg\",\"width\":833,\"height\":1125},{\"@type\":\"BreadcrumbList\",\"@id\":\"https:\/\/festival-armoricourt.com\/index.php\/2026\/03\/12\/la-fete-du-court-metrage-2026\/#breadcrumb\",\"itemListElement\":[{\"@type\":\"ListItem\",\"position\":1,\"name\":\"Accueil\",\"item\":\"https:\/\/festival-armoricourt.com\/\"},{\"@type\":\"ListItem\",\"position\":2,\"name\":\"La F\u00eate du court-m\u00e9trage 2026\"}]},{\"@type\":\"WebSite\",\"@id\":\"https:\/\/festival-armoricourt.com\/#website\",\"url\":\"https:\/\/festival-armoricourt.com\/\",\"name\":\"Festival Armoricourt\",\"description\":\"Decouvrir des courts m\u00e9trages de qualit\u00e9, et rencontrer ceux qui les font\",\"publisher\":{\"@id\":\"https:\/\/festival-armoricourt.com\/#organization\"},\"potentialAction\":[{\"@type\":\"SearchAction\",\"target\":{\"@type\":\"EntryPoint\",\"urlTemplate\":\"https:\/\/festival-armoricourt.com\/?s={search_term_string}\"},\"query-input\":{\"@type\":\"PropertyValueSpecification\",\"valueRequired\":true,\"valueName\":\"search_term_string\"}}],\"inLanguage\":\"fr-FR\"},{\"@type\":\"Organization\",\"@id\":\"https:\/\/festival-armoricourt.com\/#organization\",\"name\":\"Armoricourt\",\"url\":\"https:\/\/festival-armoricourt.com\/\",\"logo\":{\"@type\":\"ImageObject\",\"inLanguage\":\"fr-FR\",\"@id\":\"https:\/\/festival-armoricourt.com\/#\/schema\/logo\/image\/\",\"url\":\"https:\/\/festival-armoricourt.com\/wp-content\/uploads\/2023\/10\/cropped-2023-logo-armoricourt-1280.jpg\",\"contentUrl\":\"https:\/\/festival-armoricourt.com\/wp-content\/uploads\/2023\/10\/cropped-2023-logo-armoricourt-1280.jpg\",\"width\":1280,\"height\":351,\"caption\":\"Armoricourt\"},\"image\":{\"@id\":\"https:\/\/festival-armoricourt.com\/#\/schema\/logo\/image\/\"},\"sameAs\":[\"https:\/\/www.facebook.com\/armoricourt\"]},{\"@type\":\"Person\",\"@id\":\"https:\/\/festival-armoricourt.com\/#\/schema\/person\/ef437883dc48ec87242017d0cf8bf76b\",\"name\":\"admin1692\",\"image\":{\"@type\":\"ImageObject\",\"inLanguage\":\"fr-FR\",\"@id\":\"https:\/\/festival-armoricourt.com\/#\/schema\/person\/image\/\",\"url\":\"https:\/\/secure.gravatar.com\/avatar\/462476bf3033e70df8e05b3a5634b666c9f9f966a15e98fb7e829f37f655510b?s=96&d=mm&r=g\",\"contentUrl\":\"https:\/\/secure.gravatar.com\/avatar\/462476bf3033e70df8e05b3a5634b666c9f9f966a15e98fb7e829f37f655510b?s=96&d=mm&r=g\",\"caption\":\"admin1692\"},\"sameAs\":[\"http:\/\/festival-armoricourt.fr\"],\"url\":\"https:\/\/festival-armoricourt.com\/index.php\/author\/admin1692\/\"}]}<\/script>\n<!-- \/ Yoast SEO plugin. -->","yoast_head_json":{"title":"La F\u00eate du court-m\u00e9trage 2026 - Festival Armoricourt","robots":{"index":"index","follow":"follow","max-snippet":"max-snippet:-1","max-image-preview":"max-image-preview:large","max-video-preview":"max-video-preview:-1"},"canonical":"https:\/\/festival-armoricourt.com\/index.php\/2026\/03\/12\/la-fete-du-court-metrage-2026\/","og_locale":"fr_FR","og_type":"article","og_title":"La F\u00eate du court-m\u00e9trage 2026 - Festival Armoricourt","og_description":"Armoricourt&nbsp;et&nbsp;Le Douron&nbsp;vous proposent 10 courts m\u00e9trages sur 2 s\u00e9ances. 10 bonnes raisons pour participer, en ce mois de mars 2026, \u00e0 la&nbsp;F\u00eate du Court M\u00e9trage&nbsp;au Cin\u00e9ma Le Douron \u00e0 Plestin-les-Gr\u00e8ves","og_url":"https:\/\/festival-armoricourt.com\/index.php\/2026\/03\/12\/la-fete-du-court-metrage-2026\/","og_site_name":"Festival Armoricourt","article_publisher":"https:\/\/www.facebook.com\/armoricourt","article_published_time":"2026-03-12T14:04:10+00:00","article_modified_time":"2026-03-12T14:04:11+00:00","og_image":[{"width":833,"height":1125,"url":"https:\/\/festival-armoricourt.com\/wp-content\/uploads\/2026\/03\/2026_Armoricourt_LFdCM.jpg","type":"image\/jpeg"}],"author":"admin1692","twitter_card":"summary_large_image","twitter_misc":{"\u00c9crit par":"admin1692","Dur\u00e9e de lecture estim\u00e9e":"2 minutes"},"schema":{"@context":"https:\/\/schema.org","@graph":[{"@type":"Article","@id":"https:\/\/festival-armoricourt.com\/index.php\/2026\/03\/12\/la-fete-du-court-metrage-2026\/#article","isPartOf":{"@id":"https:\/\/festival-armoricourt.com\/index.php\/2026\/03\/12\/la-fete-du-court-metrage-2026\/"},"author":{"name":"admin1692","@id":"https:\/\/festival-armoricourt.com\/#\/schema\/person\/ef437883dc48ec87242017d0cf8bf76b"},"headline":"La F\u00eate du court-m\u00e9trage 2026","datePublished":"2026-03-12T14:04:10+00:00","dateModified":"2026-03-12T14:04:11+00:00","mainEntityOfPage":{"@id":"https:\/\/festival-armoricourt.com\/index.php\/2026\/03\/12\/la-fete-du-court-metrage-2026\/"},"wordCount":130,"commentCount":0,"publisher":{"@id":"https:\/\/festival-armoricourt.com\/#organization"},"image":{"@id":"https:\/\/festival-armoricourt.com\/index.php\/2026\/03\/12\/la-fete-du-court-metrage-2026\/#primaryimage"},"thumbnailUrl":"https:\/\/festival-armoricourt.com\/wp-content\/uploads\/2026\/03\/2026_Armoricourt_LFdCM.jpg","articleSection":["Les news"],"inLanguage":"fr-FR","potentialAction":[{"@type":"CommentAction","name":"Comment","target":["https:\/\/festival-armoricourt.com\/index.php\/2026\/03\/12\/la-fete-du-court-metrage-2026\/#respond"]}]},{"@type":"WebPage","@id":"https:\/\/festival-armoricourt.com\/index.php\/2026\/03\/12\/la-fete-du-court-metrage-2026\/","url":"https:\/\/festival-armoricourt.com\/index.php\/2026\/03\/12\/la-fete-du-court-metrage-2026\/","name":"La F\u00eate du court-m\u00e9trage 2026 - Festival Armoricourt","isPartOf":{"@id":"https:\/\/festival-armoricourt.com\/#website"},"primaryImageOfPage":{"@id":"https:\/\/festival-armoricourt.com\/index.php\/2026\/03\/12\/la-fete-du-court-metrage-2026\/#primaryimage"},"image":{"@id":"https:\/\/festival-armoricourt.com\/index.php\/2026\/03\/12\/la-fete-du-court-metrage-2026\/#primaryimage"},"thumbnailUrl":"https:\/\/festival-armoricourt.com\/wp-content\/uploads\/2026\/03\/2026_Armoricourt_LFdCM.jpg","datePublished":"2026-03-12T14:04:10+00:00","dateModified":"2026-03-12T14:04:11+00:00","breadcrumb":{"@id":"https:\/\/festival-armoricourt.com\/index.php\/2026\/03\/12\/la-fete-du-court-metrage-2026\/#breadcrumb"},"inLanguage":"fr-FR","potentialAction":[{"@type":"ReadAction","target":["https:\/\/festival-armoricourt.com\/index.php\/2026\/03\/12\/la-fete-du-court-metrage-2026\/"]}]},{"@type":"ImageObject","inLanguage":"fr-FR","@id":"https:\/\/festival-armoricourt.com\/index.php\/2026\/03\/12\/la-fete-du-court-metrage-2026\/#primaryimage","url":"https:\/\/festival-armoricourt.com\/wp-content\/uploads\/2026\/03\/2026_Armoricourt_LFdCM.jpg","contentUrl":"https:\/\/festival-armoricourt.com\/wp-content\/uploads\/2026\/03\/2026_Armoricourt_LFdCM.jpg","width":833,"height":1125},{"@type":"BreadcrumbList","@id":"https:\/\/festival-armoricourt.com\/index.php\/2026\/03\/12\/la-fete-du-court-metrage-2026\/#breadcrumb","itemListElement":[{"@type":"ListItem","position":1,"name":"Accueil","item":"https:\/\/festival-armoricourt.com\/"},{"@type":"ListItem","position":2,"name":"La F\u00eate du court-m\u00e9trage 2026"}]},{"@type":"WebSite","@id":"https:\/\/festival-armoricourt.com\/#website","url":"https:\/\/festival-armoricourt.com\/","name":"Festival Armoricourt","description":"Decouvrir des courts m\u00e9trages de qualit\u00e9, et rencontrer ceux qui les font","publisher":{"@id":"https:\/\/festival-armoricourt.com\/#organization"},"potentialAction":[{"@type":"SearchAction","target":{"@type":"EntryPoint","urlTemplate":"https:\/\/festival-armoricourt.com\/?s={search_term_string}"},"query-input":{"@type":"PropertyValueSpecification","valueRequired":true,"valueName":"search_term_string"}}],"inLanguage":"fr-FR"},{"@type":"Organization","@id":"https:\/\/festival-armoricourt.com\/#organization","name":"Armoricourt","url":"https:\/\/festival-armoricourt.com\/","logo":{"@type":"ImageObject","inLanguage":"fr-FR","@id":"https:\/\/festival-armoricourt.com\/#\/schema\/logo\/image\/","url":"https:\/\/festival-armoricourt.com\/wp-content\/uploads\/2023\/10\/cropped-2023-logo-armoricourt-1280.jpg","contentUrl":"https:\/\/festival-armoricourt.com\/wp-content\/uploads\/2023\/10\/cropped-2023-logo-armoricourt-1280.jpg","width":1280,"height":351,"caption":"Armoricourt"},"image":{"@id":"https:\/\/festival-armoricourt.com\/#\/schema\/logo\/image\/"},"sameAs":["https:\/\/www.facebook.com\/armoricourt"]},{"@type":"Person","@id":"https:\/\/festival-armoricourt.com\/#\/schema\/person\/ef437883dc48ec87242017d0cf8bf76b","name":"admin1692","image":{"@type":"ImageObject","inLanguage":"fr-FR","@id":"https:\/\/festival-armoricourt.com\/#\/schema\/person\/image\/","url":"https:\/\/secure.gravatar.com\/avatar\/462476bf3033e70df8e05b3a5634b666c9f9f966a15e98fb7e829f37f655510b?s=96&d=mm&r=g","contentUrl":"https:\/\/secure.gravatar.com\/avatar\/462476bf3033e70df8e05b3a5634b666c9f9f966a15e98fb7e829f37f655510b?s=96&d=mm&r=g","caption":"admin1692"},"sameAs":["http:\/\/festival-armoricourt.fr"],"url":"https:\/\/festival-armoricourt.com\/index.php\/author\/admin1692\/"}]}},"_links":{"self":[{"href":"https:\/\/festival-armoricourt.com\/index.php\/wp-json\/wp\/v2\/posts\/10708","targetHints":{"allow":["GET"]}}],"collection":[{"href":"https:\/\/festival-armoricourt.com\/index.php\/wp-json\/wp\/v2\/posts"}],"about":[{"href":"https:\/\/festival-armoricourt.com\/index.php\/wp-json\/wp\/v2\/types\/post"}],"author":[{"embeddable":true,"href":"https:\/\/festival-armoricourt.com\/index.php\/wp-json\/wp\/v2\/users\/1"}],"replies":[{"embeddable":true,"href":"https:\/\/festival-armoricourt.com\/index.php\/wp-json\/wp\/v2\/comments?post=10708"}],"version-history":[{"count":8,"href":"https:\/\/festival-armoricourt.com\/index.php\/wp-json\/wp\/v2\/posts\/10708\/revisions"}],"predecessor-version":[{"id":10724,"href":"https:\/\/festival-armoricourt.com\/index.php\/wp-json\/wp\/v2\/posts\/10708\/revisions\/10724"}],"wp:featuredmedia":[{"embeddable":true,"href":"https:\/\/festival-armoricourt.com\/index.php\/wp-json\/wp\/v2\/media\/10710"}],"wp:attachment":[{"href":"https:\/\/festival-armoricourt.com\/index.php\/wp-json\/wp\/v2\/media?parent=10708"}],"wp:term":[{"taxonomy":"category","embeddable":true,"href":"https:\/\/festival-armoricourt.com\/index.php\/wp-json\/wp\/v2\/categories?post=10708"},{"taxonomy":"post_tag","embeddable":true,"href":"https:\/\/festival-armoricourt.com\/index.php\/wp-json\/wp\/v2\/tags?post=10708"}],"curies":[{"name":"wp","href":"https:\/\/api.w.org\/{rel}","templated":true}]}}