{"id":10562,"date":"2025-10-20T16:12:42","date_gmt":"2025-10-20T14:12:42","guid":{"rendered":"https:\/\/festival-armoricourt.com\/?p=10562"},"modified":"2025-10-21T09:53:31","modified_gmt":"2025-10-21T07:53:31","slug":"xabi-molia-invite-dhonneur-de-ledition-17-du-festival-armoricourt","status":"publish","type":"post","link":"https:\/\/festival-armoricourt.com\/index.php\/2025\/10\/20\/xabi-molia-invite-dhonneur-de-ledition-17-du-festival-armoricourt\/","title":{"rendered":"Xabi Molia, invit\u00e9 d\u2019honneur de l\u2019\u00e9dition 17 du festival Armoricourt"},"content":{"rendered":"\n<p>L\u2019\u00e9dition 17 du festival se tiendra les 14 et 15 novembre 2025 au cin\u00e9ma Le Douron de Plestin les Gr\u00e8ves.<\/p>\n\n\n\n<p>Elle a le plaisir d\u2019accueillir Xabi Molia en invit\u00e9 d\u2019honneur.<br>Sa carri\u00e8re artistique hybride de romancier et cin\u00e9aste pr\u00eatera au Festival Armoricourt son regard aff\u00fbt\u00e9, r\u00e9v\u00e9lant les \u0153uvres qui bousculent les codes et \u00e9veillent l\u2019\u00e9motion.<\/p>\n\n\n\n<p>Pour en savoir plus, vous pouvez aller sur la page <a href=\"https:\/\/festival-armoricourt.com\/index.php\/linvite-dhonneur-17\/\">qui lui est consacr\u00e9e<\/a> <\/p>\n\n\n\n<p><\/p>\n","protected":false},"excerpt":{"rendered":"<p>L\u2019\u00e9dition 17 du festival se tiendra les 14 et 15 novembre 2025 au cin\u00e9ma Le Douron de Plestin les Gr\u00e8ves. Elle a le plaisir d\u2019accueillir Xabi Molia en invit\u00e9 d\u2019honneur.Sa carri\u00e8re artistique hybride de romancier et cin\u00e9aste pr\u00eatera au Festival Armoricourt son regard aff\u00fbt\u00e9, r\u00e9v\u00e9lant les \u0153uvres qui bousculent les codes et \u00e9veillent l\u2019\u00e9motion. Pour [&hellip;]<\/p>\n","protected":false},"author":1,"featured_media":0,"comment_status":"open","ping_status":"open","sticky":false,"template":"","format":"standard","meta":{"ocean_post_layout":"","ocean_both_sidebars_style":"","ocean_both_sidebars_content_width":0,"ocean_both_sidebars_sidebars_width":0,"ocean_sidebar":"","ocean_second_sidebar":"","ocean_disable_margins":"enable","ocean_add_body_class":"","ocean_shortcode_before_top_bar":"","ocean_shortcode_after_top_bar":"","ocean_shortcode_before_header":"","ocean_shortcode_after_header":"","ocean_has_shortcode":"","ocean_shortcode_after_title":"","ocean_shortcode_before_footer_widgets":"","ocean_shortcode_after_footer_widgets":"","ocean_shortcode_before_footer_bottom":"","ocean_shortcode_after_footer_bottom":"","ocean_display_top_bar":"default","ocean_display_header":"default","ocean_header_style":"","ocean_center_header_left_menu":"","ocean_custom_header_template":"","ocean_custom_logo":0,"ocean_custom_retina_logo":0,"ocean_custom_logo_max_width":0,"ocean_custom_logo_tablet_max_width":0,"ocean_custom_logo_mobile_max_width":0,"ocean_custom_logo_max_height":0,"ocean_custom_logo_tablet_max_height":0,"ocean_custom_logo_mobile_max_height":0,"ocean_header_custom_menu":"","ocean_menu_typo_font_family":"","ocean_menu_typo_font_subset":"","ocean_menu_typo_font_size":0,"ocean_menu_typo_font_size_tablet":0,"ocean_menu_typo_font_size_mobile":0,"ocean_menu_typo_font_size_unit":"px","ocean_menu_typo_font_weight":"","ocean_menu_typo_font_weight_tablet":"","ocean_menu_typo_font_weight_mobile":"","ocean_menu_typo_transform":"","ocean_menu_typo_transform_tablet":"","ocean_menu_typo_transform_mobile":"","ocean_menu_typo_line_height":0,"ocean_menu_typo_line_height_tablet":0,"ocean_menu_typo_line_height_mobile":0,"ocean_menu_typo_line_height_unit":"","ocean_menu_typo_spacing":0,"ocean_menu_typo_spacing_tablet":0,"ocean_menu_typo_spacing_mobile":0,"ocean_menu_typo_spacing_unit":"","ocean_menu_link_color":"","ocean_menu_link_color_hover":"","ocean_menu_link_color_active":"","ocean_menu_link_background":"","ocean_menu_link_hover_background":"","ocean_menu_link_active_background":"","ocean_menu_social_links_bg":"","ocean_menu_social_hover_links_bg":"","ocean_menu_social_links_color":"","ocean_menu_social_hover_links_color":"","ocean_disable_title":"default","ocean_disable_heading":"default","ocean_post_title":"","ocean_post_subheading":"","ocean_post_title_style":"","ocean_post_title_background_color":"","ocean_post_title_background":0,"ocean_post_title_bg_image_position":"","ocean_post_title_bg_image_attachment":"","ocean_post_title_bg_image_repeat":"","ocean_post_title_bg_image_size":"","ocean_post_title_height":0,"ocean_post_title_bg_overlay":0.5,"ocean_post_title_bg_overlay_color":"","ocean_disable_breadcrumbs":"default","ocean_breadcrumbs_color":"","ocean_breadcrumbs_separator_color":"","ocean_breadcrumbs_links_color":"","ocean_breadcrumbs_links_hover_color":"","ocean_display_footer_widgets":"default","ocean_display_footer_bottom":"default","ocean_custom_footer_template":"","ocean_post_oembed":"","ocean_post_self_hosted_media":"","ocean_post_video_embed":"","ocean_link_format":"","ocean_link_format_target":"self","ocean_quote_format":"","ocean_quote_format_link":"post","ocean_gallery_link_images":"on","ocean_gallery_id":[],"footnotes":""},"categories":[3],"tags":[],"class_list":["post-10562","post","type-post","status-publish","format-standard","hentry","category-les-news","entry"],"yoast_head":"<!-- This site is optimized with the Yoast SEO plugin v27.0 - https:\/\/yoast.com\/product\/yoast-seo-wordpress\/ -->\n<title>Xabi Molia, invit\u00e9 d\u2019honneur de l\u2019\u00e9dition 17 du festival Armoricourt - Festival Armoricourt<\/title>\n<meta name=\"robots\" content=\"index, follow, max-snippet:-1, max-image-preview:large, max-video-preview:-1\" \/>\n<link rel=\"canonical\" href=\"https:\/\/festival-armoricourt.com\/index.php\/2025\/10\/20\/xabi-molia-invite-dhonneur-de-ledition-17-du-festival-armoricourt\/\" \/>\n<meta property=\"og:locale\" content=\"fr_FR\" \/>\n<meta property=\"og:type\" content=\"article\" \/>\n<meta property=\"og:title\" content=\"Xabi Molia, invit\u00e9 d\u2019honneur de l\u2019\u00e9dition 17 du festival Armoricourt - Festival Armoricourt\" \/>\n<meta property=\"og:description\" content=\"L\u2019\u00e9dition 17 du festival se tiendra les 14 et 15 novembre 2025 au cin\u00e9ma Le Douron de Plestin les Gr\u00e8ves. Elle a le plaisir d\u2019accueillir Xabi Molia en invit\u00e9 d\u2019honneur.Sa carri\u00e8re artistique hybride de romancier et cin\u00e9aste pr\u00eatera au Festival Armoricourt son regard aff\u00fbt\u00e9, r\u00e9v\u00e9lant les \u0153uvres qui bousculent les codes et \u00e9veillent l\u2019\u00e9motion. Pour [&hellip;]\" \/>\n<meta property=\"og:url\" content=\"https:\/\/festival-armoricourt.com\/index.php\/2025\/10\/20\/xabi-molia-invite-dhonneur-de-ledition-17-du-festival-armoricourt\/\" \/>\n<meta property=\"og:site_name\" content=\"Festival Armoricourt\" \/>\n<meta property=\"article:publisher\" content=\"https:\/\/www.facebook.com\/armoricourt\" \/>\n<meta property=\"article:published_time\" content=\"2025-10-20T14:12:42+00:00\" \/>\n<meta property=\"article:modified_time\" content=\"2025-10-21T07:53:31+00:00\" \/>\n<meta name=\"author\" content=\"admin1692\" \/>\n<meta name=\"twitter:card\" content=\"summary_large_image\" \/>\n<meta name=\"twitter:label1\" content=\"\u00c9crit par\" \/>\n\t<meta name=\"twitter:data1\" content=\"admin1692\" \/>\n\t<meta name=\"twitter:label2\" content=\"Dur\u00e9e de lecture estim\u00e9e\" \/>\n\t<meta name=\"twitter:data2\" content=\"1 minute\" \/>\n<script type=\"application\/ld+json\" class=\"yoast-schema-graph\">{\"@context\":\"https:\/\/schema.org\",\"@graph\":[{\"@type\":\"Article\",\"@id\":\"https:\/\/festival-armoricourt.com\/index.php\/2025\/10\/20\/xabi-molia-invite-dhonneur-de-ledition-17-du-festival-armoricourt\/#article\",\"isPartOf\":{\"@id\":\"https:\/\/festival-armoricourt.com\/index.php\/2025\/10\/20\/xabi-molia-invite-dhonneur-de-ledition-17-du-festival-armoricourt\/\"},\"author\":{\"name\":\"admin1692\",\"@id\":\"https:\/\/festival-armoricourt.com\/#\/schema\/person\/ef437883dc48ec87242017d0cf8bf76b\"},\"headline\":\"Xabi Molia, invit\u00e9 d\u2019honneur de l\u2019\u00e9dition 17 du festival Armoricourt\",\"datePublished\":\"2025-10-20T14:12:42+00:00\",\"dateModified\":\"2025-10-21T07:53:31+00:00\",\"mainEntityOfPage\":{\"@id\":\"https:\/\/festival-armoricourt.com\/index.php\/2025\/10\/20\/xabi-molia-invite-dhonneur-de-ledition-17-du-festival-armoricourt\/\"},\"wordCount\":89,\"commentCount\":0,\"publisher\":{\"@id\":\"https:\/\/festival-armoricourt.com\/#organization\"},\"articleSection\":[\"Les news\"],\"inLanguage\":\"fr-FR\",\"potentialAction\":[{\"@type\":\"CommentAction\",\"name\":\"Comment\",\"target\":[\"https:\/\/festival-armoricourt.com\/index.php\/2025\/10\/20\/xabi-molia-invite-dhonneur-de-ledition-17-du-festival-armoricourt\/#respond\"]}]},{\"@type\":\"WebPage\",\"@id\":\"https:\/\/festival-armoricourt.com\/index.php\/2025\/10\/20\/xabi-molia-invite-dhonneur-de-ledition-17-du-festival-armoricourt\/\",\"url\":\"https:\/\/festival-armoricourt.com\/index.php\/2025\/10\/20\/xabi-molia-invite-dhonneur-de-ledition-17-du-festival-armoricourt\/\",\"name\":\"Xabi Molia, invit\u00e9 d\u2019honneur de l\u2019\u00e9dition 17 du festival Armoricourt - Festival Armoricourt\",\"isPartOf\":{\"@id\":\"https:\/\/festival-armoricourt.com\/#website\"},\"datePublished\":\"2025-10-20T14:12:42+00:00\",\"dateModified\":\"2025-10-21T07:53:31+00:00\",\"breadcrumb\":{\"@id\":\"https:\/\/festival-armoricourt.com\/index.php\/2025\/10\/20\/xabi-molia-invite-dhonneur-de-ledition-17-du-festival-armoricourt\/#breadcrumb\"},\"inLanguage\":\"fr-FR\",\"potentialAction\":[{\"@type\":\"ReadAction\",\"target\":[\"https:\/\/festival-armoricourt.com\/index.php\/2025\/10\/20\/xabi-molia-invite-dhonneur-de-ledition-17-du-festival-armoricourt\/\"]}]},{\"@type\":\"BreadcrumbList\",\"@id\":\"https:\/\/festival-armoricourt.com\/index.php\/2025\/10\/20\/xabi-molia-invite-dhonneur-de-ledition-17-du-festival-armoricourt\/#breadcrumb\",\"itemListElement\":[{\"@type\":\"ListItem\",\"position\":1,\"name\":\"Accueil\",\"item\":\"https:\/\/festival-armoricourt.com\/\"},{\"@type\":\"ListItem\",\"position\":2,\"name\":\"Xabi Molia, invit\u00e9 d\u2019honneur de l\u2019\u00e9dition 17 du festival Armoricourt\"}]},{\"@type\":\"WebSite\",\"@id\":\"https:\/\/festival-armoricourt.com\/#website\",\"url\":\"https:\/\/festival-armoricourt.com\/\",\"name\":\"Festival Armoricourt\",\"description\":\"Decouvrir des courts m\u00e9trages de qualit\u00e9, et rencontrer ceux qui les font\",\"publisher\":{\"@id\":\"https:\/\/festival-armoricourt.com\/#organization\"},\"potentialAction\":[{\"@type\":\"SearchAction\",\"target\":{\"@type\":\"EntryPoint\",\"urlTemplate\":\"https:\/\/festival-armoricourt.com\/?s={search_term_string}\"},\"query-input\":{\"@type\":\"PropertyValueSpecification\",\"valueRequired\":true,\"valueName\":\"search_term_string\"}}],\"inLanguage\":\"fr-FR\"},{\"@type\":\"Organization\",\"@id\":\"https:\/\/festival-armoricourt.com\/#organization\",\"name\":\"Armoricourt\",\"url\":\"https:\/\/festival-armoricourt.com\/\",\"logo\":{\"@type\":\"ImageObject\",\"inLanguage\":\"fr-FR\",\"@id\":\"https:\/\/festival-armoricourt.com\/#\/schema\/logo\/image\/\",\"url\":\"https:\/\/festival-armoricourt.com\/wp-content\/uploads\/2023\/10\/cropped-2023-logo-armoricourt-1280.jpg\",\"contentUrl\":\"https:\/\/festival-armoricourt.com\/wp-content\/uploads\/2023\/10\/cropped-2023-logo-armoricourt-1280.jpg\",\"width\":1280,\"height\":351,\"caption\":\"Armoricourt\"},\"image\":{\"@id\":\"https:\/\/festival-armoricourt.com\/#\/schema\/logo\/image\/\"},\"sameAs\":[\"https:\/\/www.facebook.com\/armoricourt\"]},{\"@type\":\"Person\",\"@id\":\"https:\/\/festival-armoricourt.com\/#\/schema\/person\/ef437883dc48ec87242017d0cf8bf76b\",\"name\":\"admin1692\",\"image\":{\"@type\":\"ImageObject\",\"inLanguage\":\"fr-FR\",\"@id\":\"https:\/\/festival-armoricourt.com\/#\/schema\/person\/image\/\",\"url\":\"https:\/\/secure.gravatar.com\/avatar\/462476bf3033e70df8e05b3a5634b666c9f9f966a15e98fb7e829f37f655510b?s=96&d=mm&r=g\",\"contentUrl\":\"https:\/\/secure.gravatar.com\/avatar\/462476bf3033e70df8e05b3a5634b666c9f9f966a15e98fb7e829f37f655510b?s=96&d=mm&r=g\",\"caption\":\"admin1692\"},\"sameAs\":[\"http:\/\/festival-armoricourt.fr\"],\"url\":\"https:\/\/festival-armoricourt.com\/index.php\/author\/admin1692\/\"}]}<\/script>\n<!-- \/ Yoast SEO plugin. -->","yoast_head_json":{"title":"Xabi Molia, invit\u00e9 d\u2019honneur de l\u2019\u00e9dition 17 du festival Armoricourt - Festival Armoricourt","robots":{"index":"index","follow":"follow","max-snippet":"max-snippet:-1","max-image-preview":"max-image-preview:large","max-video-preview":"max-video-preview:-1"},"canonical":"https:\/\/festival-armoricourt.com\/index.php\/2025\/10\/20\/xabi-molia-invite-dhonneur-de-ledition-17-du-festival-armoricourt\/","og_locale":"fr_FR","og_type":"article","og_title":"Xabi Molia, invit\u00e9 d\u2019honneur de l\u2019\u00e9dition 17 du festival Armoricourt - Festival Armoricourt","og_description":"L\u2019\u00e9dition 17 du festival se tiendra les 14 et 15 novembre 2025 au cin\u00e9ma Le Douron de Plestin les Gr\u00e8ves. Elle a le plaisir d\u2019accueillir Xabi Molia en invit\u00e9 d\u2019honneur.Sa carri\u00e8re artistique hybride de romancier et cin\u00e9aste pr\u00eatera au Festival Armoricourt son regard aff\u00fbt\u00e9, r\u00e9v\u00e9lant les \u0153uvres qui bousculent les codes et \u00e9veillent l\u2019\u00e9motion. Pour [&hellip;]","og_url":"https:\/\/festival-armoricourt.com\/index.php\/2025\/10\/20\/xabi-molia-invite-dhonneur-de-ledition-17-du-festival-armoricourt\/","og_site_name":"Festival Armoricourt","article_publisher":"https:\/\/www.facebook.com\/armoricourt","article_published_time":"2025-10-20T14:12:42+00:00","article_modified_time":"2025-10-21T07:53:31+00:00","author":"admin1692","twitter_card":"summary_large_image","twitter_misc":{"\u00c9crit par":"admin1692","Dur\u00e9e de lecture estim\u00e9e":"1 minute"},"schema":{"@context":"https:\/\/schema.org","@graph":[{"@type":"Article","@id":"https:\/\/festival-armoricourt.com\/index.php\/2025\/10\/20\/xabi-molia-invite-dhonneur-de-ledition-17-du-festival-armoricourt\/#article","isPartOf":{"@id":"https:\/\/festival-armoricourt.com\/index.php\/2025\/10\/20\/xabi-molia-invite-dhonneur-de-ledition-17-du-festival-armoricourt\/"},"author":{"name":"admin1692","@id":"https:\/\/festival-armoricourt.com\/#\/schema\/person\/ef437883dc48ec87242017d0cf8bf76b"},"headline":"Xabi Molia, invit\u00e9 d\u2019honneur de l\u2019\u00e9dition 17 du festival Armoricourt","datePublished":"2025-10-20T14:12:42+00:00","dateModified":"2025-10-21T07:53:31+00:00","mainEntityOfPage":{"@id":"https:\/\/festival-armoricourt.com\/index.php\/2025\/10\/20\/xabi-molia-invite-dhonneur-de-ledition-17-du-festival-armoricourt\/"},"wordCount":89,"commentCount":0,"publisher":{"@id":"https:\/\/festival-armoricourt.com\/#organization"},"articleSection":["Les news"],"inLanguage":"fr-FR","potentialAction":[{"@type":"CommentAction","name":"Comment","target":["https:\/\/festival-armoricourt.com\/index.php\/2025\/10\/20\/xabi-molia-invite-dhonneur-de-ledition-17-du-festival-armoricourt\/#respond"]}]},{"@type":"WebPage","@id":"https:\/\/festival-armoricourt.com\/index.php\/2025\/10\/20\/xabi-molia-invite-dhonneur-de-ledition-17-du-festival-armoricourt\/","url":"https:\/\/festival-armoricourt.com\/index.php\/2025\/10\/20\/xabi-molia-invite-dhonneur-de-ledition-17-du-festival-armoricourt\/","name":"Xabi Molia, invit\u00e9 d\u2019honneur de l\u2019\u00e9dition 17 du festival Armoricourt - Festival Armoricourt","isPartOf":{"@id":"https:\/\/festival-armoricourt.com\/#website"},"datePublished":"2025-10-20T14:12:42+00:00","dateModified":"2025-10-21T07:53:31+00:00","breadcrumb":{"@id":"https:\/\/festival-armoricourt.com\/index.php\/2025\/10\/20\/xabi-molia-invite-dhonneur-de-ledition-17-du-festival-armoricourt\/#breadcrumb"},"inLanguage":"fr-FR","potentialAction":[{"@type":"ReadAction","target":["https:\/\/festival-armoricourt.com\/index.php\/2025\/10\/20\/xabi-molia-invite-dhonneur-de-ledition-17-du-festival-armoricourt\/"]}]},{"@type":"BreadcrumbList","@id":"https:\/\/festival-armoricourt.com\/index.php\/2025\/10\/20\/xabi-molia-invite-dhonneur-de-ledition-17-du-festival-armoricourt\/#breadcrumb","itemListElement":[{"@type":"ListItem","position":1,"name":"Accueil","item":"https:\/\/festival-armoricourt.com\/"},{"@type":"ListItem","position":2,"name":"Xabi Molia, invit\u00e9 d\u2019honneur de l\u2019\u00e9dition 17 du festival Armoricourt"}]},{"@type":"WebSite","@id":"https:\/\/festival-armoricourt.com\/#website","url":"https:\/\/festival-armoricourt.com\/","name":"Festival Armoricourt","description":"Decouvrir des courts m\u00e9trages de qualit\u00e9, et rencontrer ceux qui les font","publisher":{"@id":"https:\/\/festival-armoricourt.com\/#organization"},"potentialAction":[{"@type":"SearchAction","target":{"@type":"EntryPoint","urlTemplate":"https:\/\/festival-armoricourt.com\/?s={search_term_string}"},"query-input":{"@type":"PropertyValueSpecification","valueRequired":true,"valueName":"search_term_string"}}],"inLanguage":"fr-FR"},{"@type":"Organization","@id":"https:\/\/festival-armoricourt.com\/#organization","name":"Armoricourt","url":"https:\/\/festival-armoricourt.com\/","logo":{"@type":"ImageObject","inLanguage":"fr-FR","@id":"https:\/\/festival-armoricourt.com\/#\/schema\/logo\/image\/","url":"https:\/\/festival-armoricourt.com\/wp-content\/uploads\/2023\/10\/cropped-2023-logo-armoricourt-1280.jpg","contentUrl":"https:\/\/festival-armoricourt.com\/wp-content\/uploads\/2023\/10\/cropped-2023-logo-armoricourt-1280.jpg","width":1280,"height":351,"caption":"Armoricourt"},"image":{"@id":"https:\/\/festival-armoricourt.com\/#\/schema\/logo\/image\/"},"sameAs":["https:\/\/www.facebook.com\/armoricourt"]},{"@type":"Person","@id":"https:\/\/festival-armoricourt.com\/#\/schema\/person\/ef437883dc48ec87242017d0cf8bf76b","name":"admin1692","image":{"@type":"ImageObject","inLanguage":"fr-FR","@id":"https:\/\/festival-armoricourt.com\/#\/schema\/person\/image\/","url":"https:\/\/secure.gravatar.com\/avatar\/462476bf3033e70df8e05b3a5634b666c9f9f966a15e98fb7e829f37f655510b?s=96&d=mm&r=g","contentUrl":"https:\/\/secure.gravatar.com\/avatar\/462476bf3033e70df8e05b3a5634b666c9f9f966a15e98fb7e829f37f655510b?s=96&d=mm&r=g","caption":"admin1692"},"sameAs":["http:\/\/festival-armoricourt.fr"],"url":"https:\/\/festival-armoricourt.com\/index.php\/author\/admin1692\/"}]}},"_links":{"self":[{"href":"https:\/\/festival-armoricourt.com\/index.php\/wp-json\/wp\/v2\/posts\/10562","targetHints":{"allow":["GET"]}}],"collection":[{"href":"https:\/\/festival-armoricourt.com\/index.php\/wp-json\/wp\/v2\/posts"}],"about":[{"href":"https:\/\/festival-armoricourt.com\/index.php\/wp-json\/wp\/v2\/types\/post"}],"author":[{"embeddable":true,"href":"https:\/\/festival-armoricourt.com\/index.php\/wp-json\/wp\/v2\/users\/1"}],"replies":[{"embeddable":true,"href":"https:\/\/festival-armoricourt.com\/index.php\/wp-json\/wp\/v2\/comments?post=10562"}],"version-history":[{"count":6,"href":"https:\/\/festival-armoricourt.com\/index.php\/wp-json\/wp\/v2\/posts\/10562\/revisions"}],"predecessor-version":[{"id":10604,"href":"https:\/\/festival-armoricourt.com\/index.php\/wp-json\/wp\/v2\/posts\/10562\/revisions\/10604"}],"wp:attachment":[{"href":"https:\/\/festival-armoricourt.com\/index.php\/wp-json\/wp\/v2\/media?parent=10562"}],"wp:term":[{"taxonomy":"category","embeddable":true,"href":"https:\/\/festival-armoricourt.com\/index.php\/wp-json\/wp\/v2\/categories?post=10562"},{"taxonomy":"post_tag","embeddable":true,"href":"https:\/\/festival-armoricourt.com\/index.php\/wp-json\/wp\/v2\/tags?post=10562"}],"curies":[{"name":"wp","href":"https:\/\/api.w.org\/{rel}","templated":true}]}}