{"id":10019,"date":"2023-11-19T04:44:39","date_gmt":"2023-11-19T03:44:39","guid":{"rendered":"https:\/\/www.festival-armoricourt.com\/?p=6775"},"modified":"2023-11-19T04:44:39","modified_gmt":"2023-11-19T03:44:39","slug":"festival-armoricourt-15-le-palmares","status":"publish","type":"post","link":"https:\/\/festival-armoricourt.com\/index.php\/2023\/11\/19\/festival-armoricourt-15-le-palmares\/","title":{"rendered":"FESTIVAL ARMORICOURT #15 &#8211; LE PALMARES &#8211;"},"content":{"rendered":"\n<p>Le rideau est retomb\u00e9 samedi soir 18 novembre 2023 sur la quinzi\u00e8me \u00e9dition du <strong>Festival Armoricourt<\/strong>. Une \u00e9dition riche en bons films aux th\u00e8mes vari\u00e9s et actuels. <\/p>\n\n\n\n<p>En fin de soir\u00e9e, un interm\u00e8de au cours duquel a \u00e9t\u00e9 diffus\u00e9 au public un court m\u00e9trage ayant re\u00e7u le Grand Prix en 2017 : \u00ab\u00a0La Convention de Gen\u00e8ve\u00a0\u00bb<\/p>\n\n\n\n<p>Et ensuite, est arriv\u00e9 <strong>le palmar\u00e8s<\/strong> que voici :<\/p>\n\n\n\n<ul class=\"wp-block-list\">\n<li><strong>Prix de l&rsquo;invit\u00e9 d&rsquo;honneur<\/strong> (R\u00e9gis Roinsard) : <strong>\u00ab\u00a0Sous le feuillage vert des tamariniers\u00a0\u00bb<\/strong> de <strong>Heiremu Pinson<\/strong><\/li>\n\n\n\n<li><strong>Prix du public<\/strong> : <strong>\u00ab\u00a0Suicide club\u00a0\u00bb<\/strong> de <strong>Antoine Delelis<\/strong><\/li>\n\n\n\n<li><strong>Prix du Comit\u00e9 Armoricourt<\/strong> : <strong>\u00ab\u00a0Effondr\u00e9e\u00a0\u00bb<\/strong> de <strong>Olivier Escalon<\/strong><br><br><strong>F\u00e9licitations<\/strong> aux laur\u00e9ats ainsi qu&rsquo;aux autres r\u00e9alisateurs qui nous ont tous pr\u00e9sent\u00e9 des films de belle facture et int\u00e9ressants. Retrouvez ces informations sur la <a href=\"https:\/\/www.festival-armoricourt.com\/palmares-et-prix\/\">page d\u00e9di\u00e9e au palmar\u00e8s<\/a><\/li>\n<\/ul>\n","protected":false},"excerpt":{"rendered":"<p>Le rideau est retomb\u00e9 samedi soir 18 novembre 2023 sur la quinzi\u00e8me \u00e9dition du Festival Armoricourt. Une \u00e9dition riche en bons films aux th\u00e8mes vari\u00e9s et actuels. En fin de soir\u00e9e, un interm\u00e8de au cours duquel a \u00e9t\u00e9 diffus\u00e9 au public un court m\u00e9trage ayant re\u00e7u le Grand Prix en 2017 : \u00ab\u00a0La Convention de [&hellip;]<\/p>\n","protected":false},"author":4,"featured_media":6776,"comment_status":"open","ping_status":"open","sticky":false,"template":"","format":"standard","meta":{"ocean_post_layout":"","ocean_both_sidebars_style":"","ocean_both_sidebars_content_width":0,"ocean_both_sidebars_sidebars_width":0,"ocean_sidebar":"","ocean_second_sidebar":"","ocean_disable_margins":"enable","ocean_add_body_class":"","ocean_shortcode_before_top_bar":"","ocean_shortcode_after_top_bar":"","ocean_shortcode_before_header":"","ocean_shortcode_after_header":"","ocean_has_shortcode":"","ocean_shortcode_after_title":"","ocean_shortcode_before_footer_widgets":"","ocean_shortcode_after_footer_widgets":"","ocean_shortcode_before_footer_bottom":"","ocean_shortcode_after_footer_bottom":"","ocean_display_top_bar":"default","ocean_display_header":"default","ocean_header_style":"","ocean_center_header_left_menu":"","ocean_custom_header_template":"","ocean_custom_logo":0,"ocean_custom_retina_logo":0,"ocean_custom_logo_max_width":0,"ocean_custom_logo_tablet_max_width":0,"ocean_custom_logo_mobile_max_width":0,"ocean_custom_logo_max_height":0,"ocean_custom_logo_tablet_max_height":0,"ocean_custom_logo_mobile_max_height":0,"ocean_header_custom_menu":"","ocean_menu_typo_font_family":"","ocean_menu_typo_font_subset":"","ocean_menu_typo_font_size":0,"ocean_menu_typo_font_size_tablet":0,"ocean_menu_typo_font_size_mobile":0,"ocean_menu_typo_font_size_unit":"px","ocean_menu_typo_font_weight":"","ocean_menu_typo_font_weight_tablet":"","ocean_menu_typo_font_weight_mobile":"","ocean_menu_typo_transform":"","ocean_menu_typo_transform_tablet":"","ocean_menu_typo_transform_mobile":"","ocean_menu_typo_line_height":0,"ocean_menu_typo_line_height_tablet":0,"ocean_menu_typo_line_height_mobile":0,"ocean_menu_typo_line_height_unit":"","ocean_menu_typo_spacing":0,"ocean_menu_typo_spacing_tablet":0,"ocean_menu_typo_spacing_mobile":0,"ocean_menu_typo_spacing_unit":"","ocean_menu_link_color":"","ocean_menu_link_color_hover":"","ocean_menu_link_color_active":"","ocean_menu_link_background":"","ocean_menu_link_hover_background":"","ocean_menu_link_active_background":"","ocean_menu_social_links_bg":"","ocean_menu_social_hover_links_bg":"","ocean_menu_social_links_color":"","ocean_menu_social_hover_links_color":"","ocean_disable_title":"default","ocean_disable_heading":"default","ocean_post_title":"","ocean_post_subheading":"","ocean_post_title_style":"","ocean_post_title_background_color":"","ocean_post_title_background":0,"ocean_post_title_bg_image_position":"","ocean_post_title_bg_image_attachment":"","ocean_post_title_bg_image_repeat":"","ocean_post_title_bg_image_size":"","ocean_post_title_height":0,"ocean_post_title_bg_overlay":0.5,"ocean_post_title_bg_overlay_color":"","ocean_disable_breadcrumbs":"default","ocean_breadcrumbs_color":"","ocean_breadcrumbs_separator_color":"","ocean_breadcrumbs_links_color":"","ocean_breadcrumbs_links_hover_color":"","ocean_display_footer_widgets":"default","ocean_display_footer_bottom":"default","ocean_custom_footer_template":"","ocean_post_oembed":"","ocean_post_self_hosted_media":"","ocean_post_video_embed":"","ocean_link_format":"","ocean_link_format_target":"self","ocean_quote_format":"","ocean_quote_format_link":"post","ocean_gallery_link_images":"on","ocean_gallery_id":[],"footnotes":""},"categories":[3],"tags":[8,21,29,32],"class_list":["post-10019","post","type-post","status-publish","format-standard","has-post-thumbnail","hentry","category-les-news","tag-armoricourt","tag-festival","tag-moyen-metrage","tag-palmares","entry","has-media"],"yoast_head":"<!-- This site is optimized with the Yoast SEO plugin v27.0 - https:\/\/yoast.com\/product\/yoast-seo-wordpress\/ -->\n<title>FESTIVAL ARMORICOURT #15 - LE PALMARES - Festival Armoricourt<\/title>\n<meta name=\"robots\" content=\"index, follow, max-snippet:-1, max-image-preview:large, max-video-preview:-1\" \/>\n<link rel=\"canonical\" href=\"https:\/\/festival-armoricourt.com\/index.php\/2023\/11\/19\/festival-armoricourt-15-le-palmares\/\" \/>\n<meta property=\"og:locale\" content=\"fr_FR\" \/>\n<meta property=\"og:type\" content=\"article\" \/>\n<meta property=\"og:title\" content=\"FESTIVAL ARMORICOURT #15 - LE PALMARES - Festival Armoricourt\" \/>\n<meta property=\"og:description\" content=\"Le rideau est retomb\u00e9 samedi soir 18 novembre 2023 sur la quinzi\u00e8me \u00e9dition du Festival Armoricourt. Une \u00e9dition riche en bons films aux th\u00e8mes vari\u00e9s et actuels. En fin de soir\u00e9e, un interm\u00e8de au cours duquel a \u00e9t\u00e9 diffus\u00e9 au public un court m\u00e9trage ayant re\u00e7u le Grand Prix en 2017 : \u00ab\u00a0La Convention de [&hellip;]\" \/>\n<meta property=\"og:url\" content=\"https:\/\/festival-armoricourt.com\/index.php\/2023\/11\/19\/festival-armoricourt-15-le-palmares\/\" \/>\n<meta property=\"og:site_name\" content=\"Festival Armoricourt\" \/>\n<meta property=\"article:publisher\" content=\"https:\/\/www.facebook.com\/armoricourt\" \/>\n<meta property=\"article:published_time\" content=\"2023-11-19T03:44:39+00:00\" \/>\n<meta property=\"og:image\" content=\"https:\/\/festival-armoricourt.com\/wp-content\/uploads\/2014\/06\/jlg__08-150x150-122x122.jpg\" \/>\n\t<meta property=\"og:image:width\" content=\"122\" \/>\n\t<meta property=\"og:image:height\" content=\"122\" \/>\n\t<meta property=\"og:image:type\" content=\"image\/jpeg\" \/>\n<meta name=\"author\" content=\"Pascal Martin\" \/>\n<meta name=\"twitter:card\" content=\"summary_large_image\" \/>\n<meta name=\"twitter:label1\" content=\"\u00c9crit par\" \/>\n\t<meta name=\"twitter:data1\" content=\"Pascal Martin\" \/>\n\t<meta name=\"twitter:label2\" content=\"Dur\u00e9e de lecture estim\u00e9e\" \/>\n\t<meta name=\"twitter:data2\" content=\"1 minute\" \/>\n<script type=\"application\/ld+json\" class=\"yoast-schema-graph\">{\"@context\":\"https:\/\/schema.org\",\"@graph\":[{\"@type\":\"Article\",\"@id\":\"https:\/\/festival-armoricourt.com\/index.php\/2023\/11\/19\/festival-armoricourt-15-le-palmares\/#article\",\"isPartOf\":{\"@id\":\"https:\/\/festival-armoricourt.com\/index.php\/2023\/11\/19\/festival-armoricourt-15-le-palmares\/\"},\"author\":{\"name\":\"Pascal Martin\",\"@id\":\"https:\/\/festival-armoricourt.com\/#\/schema\/person\/f82d17dc7a851bd475cd196a933f8ba7\"},\"headline\":\"FESTIVAL ARMORICOURT #15 &#8211; LE PALMARES &#8211;\",\"datePublished\":\"2023-11-19T03:44:39+00:00\",\"mainEntityOfPage\":{\"@id\":\"https:\/\/festival-armoricourt.com\/index.php\/2023\/11\/19\/festival-armoricourt-15-le-palmares\/\"},\"wordCount\":147,\"commentCount\":0,\"publisher\":{\"@id\":\"https:\/\/festival-armoricourt.com\/#organization\"},\"image\":{\"@id\":\"https:\/\/festival-armoricourt.com\/index.php\/2023\/11\/19\/festival-armoricourt-15-le-palmares\/#primaryimage\"},\"thumbnailUrl\":\"https:\/\/festival-armoricourt.com\/wp-content\/uploads\/2014\/06\/jlg__08-150x150-122x122.jpg\",\"keywords\":[\"armoricourt\",\"festival\",\"moyen m\u00e9trage\",\"palmar\u00e8s\"],\"articleSection\":[\"Les news\"],\"inLanguage\":\"fr-FR\",\"potentialAction\":[{\"@type\":\"CommentAction\",\"name\":\"Comment\",\"target\":[\"https:\/\/festival-armoricourt.com\/index.php\/2023\/11\/19\/festival-armoricourt-15-le-palmares\/#respond\"]}]},{\"@type\":\"WebPage\",\"@id\":\"https:\/\/festival-armoricourt.com\/index.php\/2023\/11\/19\/festival-armoricourt-15-le-palmares\/\",\"url\":\"https:\/\/festival-armoricourt.com\/index.php\/2023\/11\/19\/festival-armoricourt-15-le-palmares\/\",\"name\":\"FESTIVAL ARMORICOURT #15 - LE PALMARES - Festival Armoricourt\",\"isPartOf\":{\"@id\":\"https:\/\/festival-armoricourt.com\/#website\"},\"primaryImageOfPage\":{\"@id\":\"https:\/\/festival-armoricourt.com\/index.php\/2023\/11\/19\/festival-armoricourt-15-le-palmares\/#primaryimage\"},\"image\":{\"@id\":\"https:\/\/festival-armoricourt.com\/index.php\/2023\/11\/19\/festival-armoricourt-15-le-palmares\/#primaryimage\"},\"thumbnailUrl\":\"https:\/\/festival-armoricourt.com\/wp-content\/uploads\/2014\/06\/jlg__08-150x150-122x122.jpg\",\"datePublished\":\"2023-11-19T03:44:39+00:00\",\"breadcrumb\":{\"@id\":\"https:\/\/festival-armoricourt.com\/index.php\/2023\/11\/19\/festival-armoricourt-15-le-palmares\/#breadcrumb\"},\"inLanguage\":\"fr-FR\",\"potentialAction\":[{\"@type\":\"ReadAction\",\"target\":[\"https:\/\/festival-armoricourt.com\/index.php\/2023\/11\/19\/festival-armoricourt-15-le-palmares\/\"]}]},{\"@type\":\"ImageObject\",\"inLanguage\":\"fr-FR\",\"@id\":\"https:\/\/festival-armoricourt.com\/index.php\/2023\/11\/19\/festival-armoricourt-15-le-palmares\/#primaryimage\",\"url\":\"https:\/\/festival-armoricourt.com\/wp-content\/uploads\/2014\/06\/jlg__08-150x150-122x122.jpg\",\"contentUrl\":\"https:\/\/festival-armoricourt.com\/wp-content\/uploads\/2014\/06\/jlg__08-150x150-122x122.jpg\",\"width\":122,\"height\":122},{\"@type\":\"BreadcrumbList\",\"@id\":\"https:\/\/festival-armoricourt.com\/index.php\/2023\/11\/19\/festival-armoricourt-15-le-palmares\/#breadcrumb\",\"itemListElement\":[{\"@type\":\"ListItem\",\"position\":1,\"name\":\"Accueil\",\"item\":\"https:\/\/festival-armoricourt.com\/\"},{\"@type\":\"ListItem\",\"position\":2,\"name\":\"FESTIVAL ARMORICOURT #15 &#8211; LE PALMARES &#8211;\"}]},{\"@type\":\"WebSite\",\"@id\":\"https:\/\/festival-armoricourt.com\/#website\",\"url\":\"https:\/\/festival-armoricourt.com\/\",\"name\":\"Festival Armoricourt\",\"description\":\"Decouvrir des courts m\u00e9trages de qualit\u00e9, et rencontrer ceux qui les font\",\"publisher\":{\"@id\":\"https:\/\/festival-armoricourt.com\/#organization\"},\"potentialAction\":[{\"@type\":\"SearchAction\",\"target\":{\"@type\":\"EntryPoint\",\"urlTemplate\":\"https:\/\/festival-armoricourt.com\/?s={search_term_string}\"},\"query-input\":{\"@type\":\"PropertyValueSpecification\",\"valueRequired\":true,\"valueName\":\"search_term_string\"}}],\"inLanguage\":\"fr-FR\"},{\"@type\":\"Organization\",\"@id\":\"https:\/\/festival-armoricourt.com\/#organization\",\"name\":\"Armoricourt\",\"url\":\"https:\/\/festival-armoricourt.com\/\",\"logo\":{\"@type\":\"ImageObject\",\"inLanguage\":\"fr-FR\",\"@id\":\"https:\/\/festival-armoricourt.com\/#\/schema\/logo\/image\/\",\"url\":\"https:\/\/festival-armoricourt.com\/wp-content\/uploads\/2023\/10\/cropped-2023-logo-armoricourt-1280.jpg\",\"contentUrl\":\"https:\/\/festival-armoricourt.com\/wp-content\/uploads\/2023\/10\/cropped-2023-logo-armoricourt-1280.jpg\",\"width\":1280,\"height\":351,\"caption\":\"Armoricourt\"},\"image\":{\"@id\":\"https:\/\/festival-armoricourt.com\/#\/schema\/logo\/image\/\"},\"sameAs\":[\"https:\/\/www.facebook.com\/armoricourt\"]},{\"@type\":\"Person\",\"@id\":\"https:\/\/festival-armoricourt.com\/#\/schema\/person\/f82d17dc7a851bd475cd196a933f8ba7\",\"name\":\"Pascal Martin\",\"image\":{\"@type\":\"ImageObject\",\"inLanguage\":\"fr-FR\",\"@id\":\"https:\/\/festival-armoricourt.com\/#\/schema\/person\/image\/\",\"url\":\"https:\/\/secure.gravatar.com\/avatar\/cada4cbd06d5dff3000ab6c62930fab8f2cba87727a653878538a60fb608d5c1?s=96&d=mm&r=g\",\"contentUrl\":\"https:\/\/secure.gravatar.com\/avatar\/cada4cbd06d5dff3000ab6c62930fab8f2cba87727a653878538a60fb608d5c1?s=96&d=mm&r=g\",\"caption\":\"Pascal Martin\"},\"sameAs\":[\"http:\/\/festival-armoricourt.fr\"],\"url\":\"https:\/\/festival-armoricourt.com\/index.php\/author\/mipamacoin\/\"}]}<\/script>\n<!-- \/ Yoast SEO plugin. -->","yoast_head_json":{"title":"FESTIVAL ARMORICOURT #15 - LE PALMARES - Festival Armoricourt","robots":{"index":"index","follow":"follow","max-snippet":"max-snippet:-1","max-image-preview":"max-image-preview:large","max-video-preview":"max-video-preview:-1"},"canonical":"https:\/\/festival-armoricourt.com\/index.php\/2023\/11\/19\/festival-armoricourt-15-le-palmares\/","og_locale":"fr_FR","og_type":"article","og_title":"FESTIVAL ARMORICOURT #15 - LE PALMARES - Festival Armoricourt","og_description":"Le rideau est retomb\u00e9 samedi soir 18 novembre 2023 sur la quinzi\u00e8me \u00e9dition du Festival Armoricourt. Une \u00e9dition riche en bons films aux th\u00e8mes vari\u00e9s et actuels. En fin de soir\u00e9e, un interm\u00e8de au cours duquel a \u00e9t\u00e9 diffus\u00e9 au public un court m\u00e9trage ayant re\u00e7u le Grand Prix en 2017 : \u00ab\u00a0La Convention de [&hellip;]","og_url":"https:\/\/festival-armoricourt.com\/index.php\/2023\/11\/19\/festival-armoricourt-15-le-palmares\/","og_site_name":"Festival Armoricourt","article_publisher":"https:\/\/www.facebook.com\/armoricourt","article_published_time":"2023-11-19T03:44:39+00:00","og_image":[{"width":122,"height":122,"url":"https:\/\/festival-armoricourt.com\/wp-content\/uploads\/2014\/06\/jlg__08-150x150-122x122.jpg","type":"image\/jpeg"}],"author":"Pascal Martin","twitter_card":"summary_large_image","twitter_misc":{"\u00c9crit par":"Pascal Martin","Dur\u00e9e de lecture estim\u00e9e":"1 minute"},"schema":{"@context":"https:\/\/schema.org","@graph":[{"@type":"Article","@id":"https:\/\/festival-armoricourt.com\/index.php\/2023\/11\/19\/festival-armoricourt-15-le-palmares\/#article","isPartOf":{"@id":"https:\/\/festival-armoricourt.com\/index.php\/2023\/11\/19\/festival-armoricourt-15-le-palmares\/"},"author":{"name":"Pascal Martin","@id":"https:\/\/festival-armoricourt.com\/#\/schema\/person\/f82d17dc7a851bd475cd196a933f8ba7"},"headline":"FESTIVAL ARMORICOURT #15 &#8211; LE PALMARES &#8211;","datePublished":"2023-11-19T03:44:39+00:00","mainEntityOfPage":{"@id":"https:\/\/festival-armoricourt.com\/index.php\/2023\/11\/19\/festival-armoricourt-15-le-palmares\/"},"wordCount":147,"commentCount":0,"publisher":{"@id":"https:\/\/festival-armoricourt.com\/#organization"},"image":{"@id":"https:\/\/festival-armoricourt.com\/index.php\/2023\/11\/19\/festival-armoricourt-15-le-palmares\/#primaryimage"},"thumbnailUrl":"https:\/\/festival-armoricourt.com\/wp-content\/uploads\/2014\/06\/jlg__08-150x150-122x122.jpg","keywords":["armoricourt","festival","moyen m\u00e9trage","palmar\u00e8s"],"articleSection":["Les news"],"inLanguage":"fr-FR","potentialAction":[{"@type":"CommentAction","name":"Comment","target":["https:\/\/festival-armoricourt.com\/index.php\/2023\/11\/19\/festival-armoricourt-15-le-palmares\/#respond"]}]},{"@type":"WebPage","@id":"https:\/\/festival-armoricourt.com\/index.php\/2023\/11\/19\/festival-armoricourt-15-le-palmares\/","url":"https:\/\/festival-armoricourt.com\/index.php\/2023\/11\/19\/festival-armoricourt-15-le-palmares\/","name":"FESTIVAL ARMORICOURT #15 - LE PALMARES - Festival Armoricourt","isPartOf":{"@id":"https:\/\/festival-armoricourt.com\/#website"},"primaryImageOfPage":{"@id":"https:\/\/festival-armoricourt.com\/index.php\/2023\/11\/19\/festival-armoricourt-15-le-palmares\/#primaryimage"},"image":{"@id":"https:\/\/festival-armoricourt.com\/index.php\/2023\/11\/19\/festival-armoricourt-15-le-palmares\/#primaryimage"},"thumbnailUrl":"https:\/\/festival-armoricourt.com\/wp-content\/uploads\/2014\/06\/jlg__08-150x150-122x122.jpg","datePublished":"2023-11-19T03:44:39+00:00","breadcrumb":{"@id":"https:\/\/festival-armoricourt.com\/index.php\/2023\/11\/19\/festival-armoricourt-15-le-palmares\/#breadcrumb"},"inLanguage":"fr-FR","potentialAction":[{"@type":"ReadAction","target":["https:\/\/festival-armoricourt.com\/index.php\/2023\/11\/19\/festival-armoricourt-15-le-palmares\/"]}]},{"@type":"ImageObject","inLanguage":"fr-FR","@id":"https:\/\/festival-armoricourt.com\/index.php\/2023\/11\/19\/festival-armoricourt-15-le-palmares\/#primaryimage","url":"https:\/\/festival-armoricourt.com\/wp-content\/uploads\/2014\/06\/jlg__08-150x150-122x122.jpg","contentUrl":"https:\/\/festival-armoricourt.com\/wp-content\/uploads\/2014\/06\/jlg__08-150x150-122x122.jpg","width":122,"height":122},{"@type":"BreadcrumbList","@id":"https:\/\/festival-armoricourt.com\/index.php\/2023\/11\/19\/festival-armoricourt-15-le-palmares\/#breadcrumb","itemListElement":[{"@type":"ListItem","position":1,"name":"Accueil","item":"https:\/\/festival-armoricourt.com\/"},{"@type":"ListItem","position":2,"name":"FESTIVAL ARMORICOURT #15 &#8211; LE PALMARES &#8211;"}]},{"@type":"WebSite","@id":"https:\/\/festival-armoricourt.com\/#website","url":"https:\/\/festival-armoricourt.com\/","name":"Festival Armoricourt","description":"Decouvrir des courts m\u00e9trages de qualit\u00e9, et rencontrer ceux qui les font","publisher":{"@id":"https:\/\/festival-armoricourt.com\/#organization"},"potentialAction":[{"@type":"SearchAction","target":{"@type":"EntryPoint","urlTemplate":"https:\/\/festival-armoricourt.com\/?s={search_term_string}"},"query-input":{"@type":"PropertyValueSpecification","valueRequired":true,"valueName":"search_term_string"}}],"inLanguage":"fr-FR"},{"@type":"Organization","@id":"https:\/\/festival-armoricourt.com\/#organization","name":"Armoricourt","url":"https:\/\/festival-armoricourt.com\/","logo":{"@type":"ImageObject","inLanguage":"fr-FR","@id":"https:\/\/festival-armoricourt.com\/#\/schema\/logo\/image\/","url":"https:\/\/festival-armoricourt.com\/wp-content\/uploads\/2023\/10\/cropped-2023-logo-armoricourt-1280.jpg","contentUrl":"https:\/\/festival-armoricourt.com\/wp-content\/uploads\/2023\/10\/cropped-2023-logo-armoricourt-1280.jpg","width":1280,"height":351,"caption":"Armoricourt"},"image":{"@id":"https:\/\/festival-armoricourt.com\/#\/schema\/logo\/image\/"},"sameAs":["https:\/\/www.facebook.com\/armoricourt"]},{"@type":"Person","@id":"https:\/\/festival-armoricourt.com\/#\/schema\/person\/f82d17dc7a851bd475cd196a933f8ba7","name":"Pascal Martin","image":{"@type":"ImageObject","inLanguage":"fr-FR","@id":"https:\/\/festival-armoricourt.com\/#\/schema\/person\/image\/","url":"https:\/\/secure.gravatar.com\/avatar\/cada4cbd06d5dff3000ab6c62930fab8f2cba87727a653878538a60fb608d5c1?s=96&d=mm&r=g","contentUrl":"https:\/\/secure.gravatar.com\/avatar\/cada4cbd06d5dff3000ab6c62930fab8f2cba87727a653878538a60fb608d5c1?s=96&d=mm&r=g","caption":"Pascal Martin"},"sameAs":["http:\/\/festival-armoricourt.fr"],"url":"https:\/\/festival-armoricourt.com\/index.php\/author\/mipamacoin\/"}]}},"_links":{"self":[{"href":"https:\/\/festival-armoricourt.com\/index.php\/wp-json\/wp\/v2\/posts\/10019","targetHints":{"allow":["GET"]}}],"collection":[{"href":"https:\/\/festival-armoricourt.com\/index.php\/wp-json\/wp\/v2\/posts"}],"about":[{"href":"https:\/\/festival-armoricourt.com\/index.php\/wp-json\/wp\/v2\/types\/post"}],"author":[{"embeddable":true,"href":"https:\/\/festival-armoricourt.com\/index.php\/wp-json\/wp\/v2\/users\/4"}],"replies":[{"embeddable":true,"href":"https:\/\/festival-armoricourt.com\/index.php\/wp-json\/wp\/v2\/comments?post=10019"}],"version-history":[{"count":0,"href":"https:\/\/festival-armoricourt.com\/index.php\/wp-json\/wp\/v2\/posts\/10019\/revisions"}],"wp:featuredmedia":[{"embeddable":true,"href":"https:\/\/festival-armoricourt.com\/index.php\/wp-json\/wp\/v2\/media\/6776"}],"wp:attachment":[{"href":"https:\/\/festival-armoricourt.com\/index.php\/wp-json\/wp\/v2\/media?parent=10019"}],"wp:term":[{"taxonomy":"category","embeddable":true,"href":"https:\/\/festival-armoricourt.com\/index.php\/wp-json\/wp\/v2\/categories?post=10019"},{"taxonomy":"post_tag","embeddable":true,"href":"https:\/\/festival-armoricourt.com\/index.php\/wp-json\/wp\/v2\/tags?post=10019"}],"curies":[{"name":"wp","href":"https:\/\/api.w.org\/{rel}","templated":true}]}}