{"id":10017,"date":"2023-11-17T06:11:12","date_gmt":"2023-11-17T05:11:12","guid":{"rendered":"https:\/\/www.festival-armoricourt.com\/?p=6768"},"modified":"2023-11-17T06:11:12","modified_gmt":"2023-11-17T05:11:12","slug":"armoricourt-15-cest-parti","status":"publish","type":"post","link":"https:\/\/festival-armoricourt.com\/index.php\/2023\/11\/17\/armoricourt-15-cest-parti\/","title":{"rendered":"ARMORICOURT  #15 &#8211; C&rsquo;EST PARTI !"},"content":{"rendered":"\n<p>La quinzi\u00e8me \u00e9dition du <strong>Festival Armoricourt<\/strong> vient de s&rsquo;ouvrir jeudi 16 novembre 2023 et se poursuit vendredi 17 et samedi 18 novembre par la projection des 7 films moyens m\u00e9trages en comp\u00e9tition.<\/p>\n\n\n\n<p>Rappelons les horaires des projections : <\/p>\n\n\n\n<ul class=\"wp-block-list\">\n<li><strong>Vendredi 17 novembre \u00e0 20:30<\/strong> (2 films)<\/li>\n<\/ul>\n\n\n\n<ul class=\"wp-block-list\">\n<li><strong>Samedi 18 novembre \u00e0 15:30<\/strong> (3 films)<\/li>\n<\/ul>\n\n\n\n<ul class=\"wp-block-list\">\n<li><strong>Samedi 18 novembre \u00e0 20:30<\/strong> (2 films)<br><br>Les spectateurs ayant vu tous les films seront invit\u00e9s \u00e0 voter pour <strong>le prix du public<\/strong>. Deux votants parmi eux se verront attribuer, par tirage au sort, une <strong>carte cadeau de 50 \u20ac<\/strong> chez Camara Lannion.<br><\/li>\n<\/ul>\n\n\n\n<p><strong>Visionnez la bande-annonce<\/strong> sur <strong>TV-Tr\u00e9gor<\/strong> <a href=\"http:\/\/tv-tregor.com\/annonces\/festival-armoricourt-2023-la-bande-annonce\/\" target=\"_blank\" rel=\"noreferrer noopener\">en suivant ce lien<\/a><\/p>\n\n\n\n<p>Ci-dessous un <strong>aper\u00e7u du programme<\/strong> des trois s\u00e9ances. Bon Festival !<\/p>\n\n\n\n<p><br><\/p>\n\n\n\n<figure class=\"wp-block-image\"><img decoding=\"async\" src=\"https:\/\/www.festival-armoricourt.com\/wp-content\/uploads\/2023\/10\/2023-pgm-armoricourt-1-l-attaque-des-dechets.jpg\" alt=\"\" class=\"wp-image-6679\"\/><\/figure>\n\n\n\n<figure class=\"wp-block-image size-full\"><a href=\"https:\/\/www.festival-armoricourt.com\/wp-content\/uploads\/2023\/10\/2023-pgm-armoricourt-2-effondree.jpg\"><img decoding=\"async\" src=\"https:\/\/www.festival-armoricourt.com\/wp-content\/uploads\/2023\/10\/2023-pgm-armoricourt-2-effondree.jpg\" alt=\"\" class=\"wp-image-6680\"\/><\/a><\/figure>\n\n\n\n<figure class=\"wp-block-image size-full\"><a href=\"https:\/\/www.festival-armoricourt.com\/wp-content\/uploads\/2023\/10\/2023-pgm-armoricourt-3-legio-patria-nostra.jpg\"><img decoding=\"async\" src=\"https:\/\/www.festival-armoricourt.com\/wp-content\/uploads\/2023\/10\/2023-pgm-armoricourt-3-legio-patria-nostra.jpg\" alt=\"\" class=\"wp-image-6681\"\/><\/a><\/figure>\n\n\n\n<figure class=\"wp-block-image size-full\"><a href=\"https:\/\/www.festival-armoricourt.com\/wp-content\/uploads\/2023\/10\/2023-pgm-armoricourt-4-suicide-club.jpg\"><img decoding=\"async\" src=\"https:\/\/www.festival-armoricourt.com\/wp-content\/uploads\/2023\/10\/2023-pgm-armoricourt-4-suicide-club.jpg\" alt=\"\" class=\"wp-image-6682\"\/><\/a><\/figure>\n\n\n\n<figure class=\"wp-block-image size-full\"><a href=\"https:\/\/www.festival-armoricourt.com\/wp-content\/uploads\/2023\/10\/2023-pgm-armoricourt-5-sous-le-feuillage-vert.jpg\"><img decoding=\"async\" src=\"https:\/\/www.festival-armoricourt.com\/wp-content\/uploads\/2023\/10\/2023-pgm-armoricourt-5-sous-le-feuillage-vert.jpg\" alt=\"\" class=\"wp-image-6683\"\/><\/a><\/figure>\n\n\n\n<figure class=\"wp-block-image size-full\"><a href=\"https:\/\/www.festival-armoricourt.com\/wp-content\/uploads\/2023\/10\/2023-pgm-armoricourt-6-la-vie-par-terre.jpg\"><img decoding=\"async\" src=\"https:\/\/www.festival-armoricourt.com\/wp-content\/uploads\/2023\/10\/2023-pgm-armoricourt-6-la-vie-par-terre.jpg\" alt=\"\" class=\"wp-image-6684\"\/><\/a><\/figure>\n\n\n\n<figure class=\"wp-block-image size-full\"><a href=\"https:\/\/www.festival-armoricourt.com\/wp-content\/uploads\/2023\/10\/2023-pgm-armoricourt-7-supernova.jpg\"><img decoding=\"async\" src=\"https:\/\/www.festival-armoricourt.com\/wp-content\/uploads\/2023\/10\/2023-pgm-armoricourt-7-supernova.jpg\" alt=\"\" class=\"wp-image-6685\"\/><\/a><\/figure>\n","protected":false},"excerpt":{"rendered":"<p>La quinzi\u00e8me \u00e9dition du Festival Armoricourt vient de s&rsquo;ouvrir jeudi 16 novembre 2023 et se poursuit vendredi 17 et samedi 18 novembre par la projection des 7 films moyens m\u00e9trages en comp\u00e9tition. Rappelons les horaires des projections : Visionnez la bande-annonce sur TV-Tr\u00e9gor en suivant ce lien Ci-dessous un aper\u00e7u du programme des trois s\u00e9ances. [&hellip;]<\/p>\n","protected":false},"author":4,"featured_media":6769,"comment_status":"open","ping_status":"open","sticky":false,"template":"","format":"standard","meta":{"ocean_post_layout":"","ocean_both_sidebars_style":"","ocean_both_sidebars_content_width":0,"ocean_both_sidebars_sidebars_width":0,"ocean_sidebar":"","ocean_second_sidebar":"","ocean_disable_margins":"enable","ocean_add_body_class":"","ocean_shortcode_before_top_bar":"","ocean_shortcode_after_top_bar":"","ocean_shortcode_before_header":"","ocean_shortcode_after_header":"","ocean_has_shortcode":"","ocean_shortcode_after_title":"","ocean_shortcode_before_footer_widgets":"","ocean_shortcode_after_footer_widgets":"","ocean_shortcode_before_footer_bottom":"","ocean_shortcode_after_footer_bottom":"","ocean_display_top_bar":"default","ocean_display_header":"default","ocean_header_style":"","ocean_center_header_left_menu":"","ocean_custom_header_template":"","ocean_custom_logo":0,"ocean_custom_retina_logo":0,"ocean_custom_logo_max_width":0,"ocean_custom_logo_tablet_max_width":0,"ocean_custom_logo_mobile_max_width":0,"ocean_custom_logo_max_height":0,"ocean_custom_logo_tablet_max_height":0,"ocean_custom_logo_mobile_max_height":0,"ocean_header_custom_menu":"","ocean_menu_typo_font_family":"","ocean_menu_typo_font_subset":"","ocean_menu_typo_font_size":0,"ocean_menu_typo_font_size_tablet":0,"ocean_menu_typo_font_size_mobile":0,"ocean_menu_typo_font_size_unit":"px","ocean_menu_typo_font_weight":"","ocean_menu_typo_font_weight_tablet":"","ocean_menu_typo_font_weight_mobile":"","ocean_menu_typo_transform":"","ocean_menu_typo_transform_tablet":"","ocean_menu_typo_transform_mobile":"","ocean_menu_typo_line_height":0,"ocean_menu_typo_line_height_tablet":0,"ocean_menu_typo_line_height_mobile":0,"ocean_menu_typo_line_height_unit":"","ocean_menu_typo_spacing":0,"ocean_menu_typo_spacing_tablet":0,"ocean_menu_typo_spacing_mobile":0,"ocean_menu_typo_spacing_unit":"","ocean_menu_link_color":"","ocean_menu_link_color_hover":"","ocean_menu_link_color_active":"","ocean_menu_link_background":"","ocean_menu_link_hover_background":"","ocean_menu_link_active_background":"","ocean_menu_social_links_bg":"","ocean_menu_social_hover_links_bg":"","ocean_menu_social_links_color":"","ocean_menu_social_hover_links_color":"","ocean_disable_title":"default","ocean_disable_heading":"default","ocean_post_title":"","ocean_post_subheading":"","ocean_post_title_style":"","ocean_post_title_background_color":"","ocean_post_title_background":0,"ocean_post_title_bg_image_position":"","ocean_post_title_bg_image_attachment":"","ocean_post_title_bg_image_repeat":"","ocean_post_title_bg_image_size":"","ocean_post_title_height":0,"ocean_post_title_bg_overlay":0.5,"ocean_post_title_bg_overlay_color":"","ocean_disable_breadcrumbs":"default","ocean_breadcrumbs_color":"","ocean_breadcrumbs_separator_color":"","ocean_breadcrumbs_links_color":"","ocean_breadcrumbs_links_hover_color":"","ocean_display_footer_widgets":"default","ocean_display_footer_bottom":"default","ocean_custom_footer_template":"","ocean_post_oembed":"","ocean_post_self_hosted_media":"","ocean_post_video_embed":"","ocean_link_format":"","ocean_link_format_target":"self","ocean_quote_format":"","ocean_quote_format_link":"post","ocean_gallery_link_images":"on","ocean_gallery_id":[],"footnotes":""},"categories":[3],"tags":[8,15,49,21,29],"class_list":["post-10017","post","type-post","status-publish","format-standard","has-post-thumbnail","hentry","category-les-news","tag-armoricourt","tag-cinema","tag-competition","tag-festival","tag-moyen-metrage","entry","has-media"],"yoast_head":"<!-- This site is optimized with the Yoast SEO plugin v27.0 - https:\/\/yoast.com\/product\/yoast-seo-wordpress\/ -->\n<title>ARMORICOURT #15 - C&#039;EST PARTI ! - Festival Armoricourt<\/title>\n<meta name=\"robots\" content=\"index, follow, max-snippet:-1, max-image-preview:large, max-video-preview:-1\" \/>\n<link rel=\"canonical\" href=\"https:\/\/festival-armoricourt.com\/index.php\/2023\/11\/17\/armoricourt-15-cest-parti\/\" \/>\n<meta property=\"og:locale\" content=\"fr_FR\" \/>\n<meta property=\"og:type\" content=\"article\" \/>\n<meta property=\"og:title\" content=\"ARMORICOURT #15 - C&#039;EST PARTI ! - Festival Armoricourt\" \/>\n<meta property=\"og:description\" content=\"La quinzi\u00e8me \u00e9dition du Festival Armoricourt vient de s&rsquo;ouvrir jeudi 16 novembre 2023 et se poursuit vendredi 17 et samedi 18 novembre par la projection des 7 films moyens m\u00e9trages en comp\u00e9tition. Rappelons les horaires des projections : Visionnez la bande-annonce sur TV-Tr\u00e9gor en suivant ce lien Ci-dessous un aper\u00e7u du programme des trois s\u00e9ances. [&hellip;]\" \/>\n<meta property=\"og:url\" content=\"https:\/\/festival-armoricourt.com\/index.php\/2023\/11\/17\/armoricourt-15-cest-parti\/\" \/>\n<meta property=\"og:site_name\" content=\"Festival Armoricourt\" \/>\n<meta property=\"article:publisher\" content=\"https:\/\/www.facebook.com\/armoricourt\" \/>\n<meta property=\"article:published_time\" content=\"2023-11-17T05:11:12+00:00\" \/>\n<meta property=\"og:image\" content=\"https:\/\/festival-armoricourt.com\/wp-content\/uploads\/2014\/06\/jlg__08-1024x685-664x530.jpg\" \/>\n\t<meta property=\"og:image:width\" content=\"664\" \/>\n\t<meta property=\"og:image:height\" content=\"530\" \/>\n\t<meta property=\"og:image:type\" content=\"image\/jpeg\" \/>\n<meta name=\"author\" content=\"Pascal Martin\" \/>\n<meta name=\"twitter:card\" content=\"summary_large_image\" \/>\n<meta name=\"twitter:label1\" content=\"\u00c9crit par\" \/>\n\t<meta name=\"twitter:data1\" content=\"Pascal Martin\" \/>\n\t<meta name=\"twitter:label2\" content=\"Dur\u00e9e de lecture estim\u00e9e\" \/>\n\t<meta name=\"twitter:data2\" content=\"2 minutes\" \/>\n<script type=\"application\/ld+json\" class=\"yoast-schema-graph\">{\"@context\":\"https:\/\/schema.org\",\"@graph\":[{\"@type\":\"Article\",\"@id\":\"https:\/\/festival-armoricourt.com\/index.php\/2023\/11\/17\/armoricourt-15-cest-parti\/#article\",\"isPartOf\":{\"@id\":\"https:\/\/festival-armoricourt.com\/index.php\/2023\/11\/17\/armoricourt-15-cest-parti\/\"},\"author\":{\"name\":\"Pascal Martin\",\"@id\":\"https:\/\/festival-armoricourt.com\/#\/schema\/person\/f82d17dc7a851bd475cd196a933f8ba7\"},\"headline\":\"ARMORICOURT #15 &#8211; C&rsquo;EST PARTI !\",\"datePublished\":\"2023-11-17T05:11:12+00:00\",\"mainEntityOfPage\":{\"@id\":\"https:\/\/festival-armoricourt.com\/index.php\/2023\/11\/17\/armoricourt-15-cest-parti\/\"},\"wordCount\":106,\"commentCount\":0,\"publisher\":{\"@id\":\"https:\/\/festival-armoricourt.com\/#organization\"},\"image\":{\"@id\":\"https:\/\/festival-armoricourt.com\/index.php\/2023\/11\/17\/armoricourt-15-cest-parti\/#primaryimage\"},\"thumbnailUrl\":\"https:\/\/festival-armoricourt.com\/wp-content\/uploads\/2014\/06\/jlg__08-1024x685-664x530.jpg\",\"keywords\":[\"armoricourt\",\"cin\u00e9ma\",\"comp\u00e9tition\",\"festival\",\"moyen m\u00e9trage\"],\"articleSection\":[\"Les news\"],\"inLanguage\":\"fr-FR\",\"potentialAction\":[{\"@type\":\"CommentAction\",\"name\":\"Comment\",\"target\":[\"https:\/\/festival-armoricourt.com\/index.php\/2023\/11\/17\/armoricourt-15-cest-parti\/#respond\"]}]},{\"@type\":\"WebPage\",\"@id\":\"https:\/\/festival-armoricourt.com\/index.php\/2023\/11\/17\/armoricourt-15-cest-parti\/\",\"url\":\"https:\/\/festival-armoricourt.com\/index.php\/2023\/11\/17\/armoricourt-15-cest-parti\/\",\"name\":\"ARMORICOURT #15 - C'EST PARTI ! - Festival Armoricourt\",\"isPartOf\":{\"@id\":\"https:\/\/festival-armoricourt.com\/#website\"},\"primaryImageOfPage\":{\"@id\":\"https:\/\/festival-armoricourt.com\/index.php\/2023\/11\/17\/armoricourt-15-cest-parti\/#primaryimage\"},\"image\":{\"@id\":\"https:\/\/festival-armoricourt.com\/index.php\/2023\/11\/17\/armoricourt-15-cest-parti\/#primaryimage\"},\"thumbnailUrl\":\"https:\/\/festival-armoricourt.com\/wp-content\/uploads\/2014\/06\/jlg__08-1024x685-664x530.jpg\",\"datePublished\":\"2023-11-17T05:11:12+00:00\",\"breadcrumb\":{\"@id\":\"https:\/\/festival-armoricourt.com\/index.php\/2023\/11\/17\/armoricourt-15-cest-parti\/#breadcrumb\"},\"inLanguage\":\"fr-FR\",\"potentialAction\":[{\"@type\":\"ReadAction\",\"target\":[\"https:\/\/festival-armoricourt.com\/index.php\/2023\/11\/17\/armoricourt-15-cest-parti\/\"]}]},{\"@type\":\"ImageObject\",\"inLanguage\":\"fr-FR\",\"@id\":\"https:\/\/festival-armoricourt.com\/index.php\/2023\/11\/17\/armoricourt-15-cest-parti\/#primaryimage\",\"url\":\"https:\/\/festival-armoricourt.com\/wp-content\/uploads\/2014\/06\/jlg__08-1024x685-664x530.jpg\",\"contentUrl\":\"https:\/\/festival-armoricourt.com\/wp-content\/uploads\/2014\/06\/jlg__08-1024x685-664x530.jpg\",\"width\":664,\"height\":530},{\"@type\":\"BreadcrumbList\",\"@id\":\"https:\/\/festival-armoricourt.com\/index.php\/2023\/11\/17\/armoricourt-15-cest-parti\/#breadcrumb\",\"itemListElement\":[{\"@type\":\"ListItem\",\"position\":1,\"name\":\"Accueil\",\"item\":\"https:\/\/festival-armoricourt.com\/\"},{\"@type\":\"ListItem\",\"position\":2,\"name\":\"ARMORICOURT #15 &#8211; C&rsquo;EST PARTI !\"}]},{\"@type\":\"WebSite\",\"@id\":\"https:\/\/festival-armoricourt.com\/#website\",\"url\":\"https:\/\/festival-armoricourt.com\/\",\"name\":\"Festival Armoricourt\",\"description\":\"Decouvrir des courts m\u00e9trages de qualit\u00e9, et rencontrer ceux qui les font\",\"publisher\":{\"@id\":\"https:\/\/festival-armoricourt.com\/#organization\"},\"potentialAction\":[{\"@type\":\"SearchAction\",\"target\":{\"@type\":\"EntryPoint\",\"urlTemplate\":\"https:\/\/festival-armoricourt.com\/?s={search_term_string}\"},\"query-input\":{\"@type\":\"PropertyValueSpecification\",\"valueRequired\":true,\"valueName\":\"search_term_string\"}}],\"inLanguage\":\"fr-FR\"},{\"@type\":\"Organization\",\"@id\":\"https:\/\/festival-armoricourt.com\/#organization\",\"name\":\"Armoricourt\",\"url\":\"https:\/\/festival-armoricourt.com\/\",\"logo\":{\"@type\":\"ImageObject\",\"inLanguage\":\"fr-FR\",\"@id\":\"https:\/\/festival-armoricourt.com\/#\/schema\/logo\/image\/\",\"url\":\"https:\/\/festival-armoricourt.com\/wp-content\/uploads\/2023\/10\/cropped-2023-logo-armoricourt-1280.jpg\",\"contentUrl\":\"https:\/\/festival-armoricourt.com\/wp-content\/uploads\/2023\/10\/cropped-2023-logo-armoricourt-1280.jpg\",\"width\":1280,\"height\":351,\"caption\":\"Armoricourt\"},\"image\":{\"@id\":\"https:\/\/festival-armoricourt.com\/#\/schema\/logo\/image\/\"},\"sameAs\":[\"https:\/\/www.facebook.com\/armoricourt\"]},{\"@type\":\"Person\",\"@id\":\"https:\/\/festival-armoricourt.com\/#\/schema\/person\/f82d17dc7a851bd475cd196a933f8ba7\",\"name\":\"Pascal Martin\",\"image\":{\"@type\":\"ImageObject\",\"inLanguage\":\"fr-FR\",\"@id\":\"https:\/\/festival-armoricourt.com\/#\/schema\/person\/image\/\",\"url\":\"https:\/\/secure.gravatar.com\/avatar\/cada4cbd06d5dff3000ab6c62930fab8f2cba87727a653878538a60fb608d5c1?s=96&d=mm&r=g\",\"contentUrl\":\"https:\/\/secure.gravatar.com\/avatar\/cada4cbd06d5dff3000ab6c62930fab8f2cba87727a653878538a60fb608d5c1?s=96&d=mm&r=g\",\"caption\":\"Pascal Martin\"},\"sameAs\":[\"http:\/\/festival-armoricourt.fr\"],\"url\":\"https:\/\/festival-armoricourt.com\/index.php\/author\/mipamacoin\/\"}]}<\/script>\n<!-- \/ Yoast SEO plugin. -->","yoast_head_json":{"title":"ARMORICOURT #15 - C'EST PARTI ! - Festival Armoricourt","robots":{"index":"index","follow":"follow","max-snippet":"max-snippet:-1","max-image-preview":"max-image-preview:large","max-video-preview":"max-video-preview:-1"},"canonical":"https:\/\/festival-armoricourt.com\/index.php\/2023\/11\/17\/armoricourt-15-cest-parti\/","og_locale":"fr_FR","og_type":"article","og_title":"ARMORICOURT #15 - C'EST PARTI ! - Festival Armoricourt","og_description":"La quinzi\u00e8me \u00e9dition du Festival Armoricourt vient de s&rsquo;ouvrir jeudi 16 novembre 2023 et se poursuit vendredi 17 et samedi 18 novembre par la projection des 7 films moyens m\u00e9trages en comp\u00e9tition. Rappelons les horaires des projections : Visionnez la bande-annonce sur TV-Tr\u00e9gor en suivant ce lien Ci-dessous un aper\u00e7u du programme des trois s\u00e9ances. [&hellip;]","og_url":"https:\/\/festival-armoricourt.com\/index.php\/2023\/11\/17\/armoricourt-15-cest-parti\/","og_site_name":"Festival Armoricourt","article_publisher":"https:\/\/www.facebook.com\/armoricourt","article_published_time":"2023-11-17T05:11:12+00:00","og_image":[{"width":664,"height":530,"url":"https:\/\/festival-armoricourt.com\/wp-content\/uploads\/2014\/06\/jlg__08-1024x685-664x530.jpg","type":"image\/jpeg"}],"author":"Pascal Martin","twitter_card":"summary_large_image","twitter_misc":{"\u00c9crit par":"Pascal Martin","Dur\u00e9e de lecture estim\u00e9e":"2 minutes"},"schema":{"@context":"https:\/\/schema.org","@graph":[{"@type":"Article","@id":"https:\/\/festival-armoricourt.com\/index.php\/2023\/11\/17\/armoricourt-15-cest-parti\/#article","isPartOf":{"@id":"https:\/\/festival-armoricourt.com\/index.php\/2023\/11\/17\/armoricourt-15-cest-parti\/"},"author":{"name":"Pascal Martin","@id":"https:\/\/festival-armoricourt.com\/#\/schema\/person\/f82d17dc7a851bd475cd196a933f8ba7"},"headline":"ARMORICOURT #15 &#8211; C&rsquo;EST PARTI !","datePublished":"2023-11-17T05:11:12+00:00","mainEntityOfPage":{"@id":"https:\/\/festival-armoricourt.com\/index.php\/2023\/11\/17\/armoricourt-15-cest-parti\/"},"wordCount":106,"commentCount":0,"publisher":{"@id":"https:\/\/festival-armoricourt.com\/#organization"},"image":{"@id":"https:\/\/festival-armoricourt.com\/index.php\/2023\/11\/17\/armoricourt-15-cest-parti\/#primaryimage"},"thumbnailUrl":"https:\/\/festival-armoricourt.com\/wp-content\/uploads\/2014\/06\/jlg__08-1024x685-664x530.jpg","keywords":["armoricourt","cin\u00e9ma","comp\u00e9tition","festival","moyen m\u00e9trage"],"articleSection":["Les news"],"inLanguage":"fr-FR","potentialAction":[{"@type":"CommentAction","name":"Comment","target":["https:\/\/festival-armoricourt.com\/index.php\/2023\/11\/17\/armoricourt-15-cest-parti\/#respond"]}]},{"@type":"WebPage","@id":"https:\/\/festival-armoricourt.com\/index.php\/2023\/11\/17\/armoricourt-15-cest-parti\/","url":"https:\/\/festival-armoricourt.com\/index.php\/2023\/11\/17\/armoricourt-15-cest-parti\/","name":"ARMORICOURT #15 - C'EST PARTI ! - Festival Armoricourt","isPartOf":{"@id":"https:\/\/festival-armoricourt.com\/#website"},"primaryImageOfPage":{"@id":"https:\/\/festival-armoricourt.com\/index.php\/2023\/11\/17\/armoricourt-15-cest-parti\/#primaryimage"},"image":{"@id":"https:\/\/festival-armoricourt.com\/index.php\/2023\/11\/17\/armoricourt-15-cest-parti\/#primaryimage"},"thumbnailUrl":"https:\/\/festival-armoricourt.com\/wp-content\/uploads\/2014\/06\/jlg__08-1024x685-664x530.jpg","datePublished":"2023-11-17T05:11:12+00:00","breadcrumb":{"@id":"https:\/\/festival-armoricourt.com\/index.php\/2023\/11\/17\/armoricourt-15-cest-parti\/#breadcrumb"},"inLanguage":"fr-FR","potentialAction":[{"@type":"ReadAction","target":["https:\/\/festival-armoricourt.com\/index.php\/2023\/11\/17\/armoricourt-15-cest-parti\/"]}]},{"@type":"ImageObject","inLanguage":"fr-FR","@id":"https:\/\/festival-armoricourt.com\/index.php\/2023\/11\/17\/armoricourt-15-cest-parti\/#primaryimage","url":"https:\/\/festival-armoricourt.com\/wp-content\/uploads\/2014\/06\/jlg__08-1024x685-664x530.jpg","contentUrl":"https:\/\/festival-armoricourt.com\/wp-content\/uploads\/2014\/06\/jlg__08-1024x685-664x530.jpg","width":664,"height":530},{"@type":"BreadcrumbList","@id":"https:\/\/festival-armoricourt.com\/index.php\/2023\/11\/17\/armoricourt-15-cest-parti\/#breadcrumb","itemListElement":[{"@type":"ListItem","position":1,"name":"Accueil","item":"https:\/\/festival-armoricourt.com\/"},{"@type":"ListItem","position":2,"name":"ARMORICOURT #15 &#8211; C&rsquo;EST PARTI !"}]},{"@type":"WebSite","@id":"https:\/\/festival-armoricourt.com\/#website","url":"https:\/\/festival-armoricourt.com\/","name":"Festival Armoricourt","description":"Decouvrir des courts m\u00e9trages de qualit\u00e9, et rencontrer ceux qui les font","publisher":{"@id":"https:\/\/festival-armoricourt.com\/#organization"},"potentialAction":[{"@type":"SearchAction","target":{"@type":"EntryPoint","urlTemplate":"https:\/\/festival-armoricourt.com\/?s={search_term_string}"},"query-input":{"@type":"PropertyValueSpecification","valueRequired":true,"valueName":"search_term_string"}}],"inLanguage":"fr-FR"},{"@type":"Organization","@id":"https:\/\/festival-armoricourt.com\/#organization","name":"Armoricourt","url":"https:\/\/festival-armoricourt.com\/","logo":{"@type":"ImageObject","inLanguage":"fr-FR","@id":"https:\/\/festival-armoricourt.com\/#\/schema\/logo\/image\/","url":"https:\/\/festival-armoricourt.com\/wp-content\/uploads\/2023\/10\/cropped-2023-logo-armoricourt-1280.jpg","contentUrl":"https:\/\/festival-armoricourt.com\/wp-content\/uploads\/2023\/10\/cropped-2023-logo-armoricourt-1280.jpg","width":1280,"height":351,"caption":"Armoricourt"},"image":{"@id":"https:\/\/festival-armoricourt.com\/#\/schema\/logo\/image\/"},"sameAs":["https:\/\/www.facebook.com\/armoricourt"]},{"@type":"Person","@id":"https:\/\/festival-armoricourt.com\/#\/schema\/person\/f82d17dc7a851bd475cd196a933f8ba7","name":"Pascal Martin","image":{"@type":"ImageObject","inLanguage":"fr-FR","@id":"https:\/\/festival-armoricourt.com\/#\/schema\/person\/image\/","url":"https:\/\/secure.gravatar.com\/avatar\/cada4cbd06d5dff3000ab6c62930fab8f2cba87727a653878538a60fb608d5c1?s=96&d=mm&r=g","contentUrl":"https:\/\/secure.gravatar.com\/avatar\/cada4cbd06d5dff3000ab6c62930fab8f2cba87727a653878538a60fb608d5c1?s=96&d=mm&r=g","caption":"Pascal Martin"},"sameAs":["http:\/\/festival-armoricourt.fr"],"url":"https:\/\/festival-armoricourt.com\/index.php\/author\/mipamacoin\/"}]}},"_links":{"self":[{"href":"https:\/\/festival-armoricourt.com\/index.php\/wp-json\/wp\/v2\/posts\/10017","targetHints":{"allow":["GET"]}}],"collection":[{"href":"https:\/\/festival-armoricourt.com\/index.php\/wp-json\/wp\/v2\/posts"}],"about":[{"href":"https:\/\/festival-armoricourt.com\/index.php\/wp-json\/wp\/v2\/types\/post"}],"author":[{"embeddable":true,"href":"https:\/\/festival-armoricourt.com\/index.php\/wp-json\/wp\/v2\/users\/4"}],"replies":[{"embeddable":true,"href":"https:\/\/festival-armoricourt.com\/index.php\/wp-json\/wp\/v2\/comments?post=10017"}],"version-history":[{"count":0,"href":"https:\/\/festival-armoricourt.com\/index.php\/wp-json\/wp\/v2\/posts\/10017\/revisions"}],"wp:featuredmedia":[{"embeddable":true,"href":"https:\/\/festival-armoricourt.com\/index.php\/wp-json\/wp\/v2\/media\/6769"}],"wp:attachment":[{"href":"https:\/\/festival-armoricourt.com\/index.php\/wp-json\/wp\/v2\/media?parent=10017"}],"wp:term":[{"taxonomy":"category","embeddable":true,"href":"https:\/\/festival-armoricourt.com\/index.php\/wp-json\/wp\/v2\/categories?post=10017"},{"taxonomy":"post_tag","embeddable":true,"href":"https:\/\/festival-armoricourt.com\/index.php\/wp-json\/wp\/v2\/tags?post=10017"}],"curies":[{"name":"wp","href":"https:\/\/api.w.org\/{rel}","templated":true}]}}